{"id":16590,"date":"2023-12-04T11:14:19","date_gmt":"2023-12-04T14:14:19","guid":{"rendered":"https:\/\/ufpr.br\/processo-seletivo-mestrado-e-doutorado-do-programa-de-pos-graduacao-em-meio-ambiente-e-desenvolvimento"},"modified":"2025-12-02T09:46:32","modified_gmt":"2025-12-02T12:46:32","slug":"processo-seletivo-mestrado-e-doutorado-do-programa-de-pos-graduacao-em-meio-ambiente-e-desenvolvimento","status":"publish","type":"post","link":"https:\/\/ufpr.br\/propg\/processo-seletivo-mestrado-e-doutorado-do-programa-de-pos-graduacao-em-meio-ambiente-e-desenvolvimento\/","title":{"rendered":"[Processo Seletivo] Mestrado e Doutorado do Programa de P\u00f3s-Gradua\u00e7\u00e3o em Meio Ambiente e Desenvolvimento"},"content":{"rendered":"\n<div class=\"wp-block-columns is-layout-flex wp-container-core-columns-is-layout-9d6595d7 wp-block-columns-is-layout-flex\">\n<div class=\"wp-block-column is-layout-flow wp-block-column-is-layout-flow\" style=\"flex-basis:40%\">\n<figure class=\"wp-block-image size-large\"><img decoding=\"async\" src=\"https:\/\/ufpr.br\/propg\/wp-content\/uploads\/2023\/12\/folder-ppmade-corrigido--1024x1024.jpeg\" alt=\"\" class=\"wp-image-37420\" style=\"object-fit:cover\"\/><\/figure>\n<\/div>\n\n\n\n<div class=\"wp-block-column is-layout-flow wp-block-column-is-layout-flow\" style=\"flex-basis:60%\">\n<p>Est\u00e3o abertas as inscri\u00e7\u00f5es para o Mestrado e Doutorado do Programa de P\u00f3s-Gradua\u00e7\u00e3o em Meio Ambiente e Desenvolvimento \u2013 MADE\/UFPR<\/p>\n\n\n\n<p>Per\u00edodo de inscri\u00e7\u00f5es: de 17\/11\/2023 at\u00e9 15\/01\/2023;<\/p>\n\n\n\n<p>N\u00ba de vagas: 15 para doutorado e 17 para mestrado, sendo 50% destinadas a pol\u00edticas afirmativas;<\/p>\n\n\n\n<p>Informa\u00e7\u00f5es detalhadas: <br><a data-saferedirecturl=\"https:\/\/www.google.com\/url?q=https:\/\/www.prppg.ufpr.br\/site\/ppgmade\/pb\/2023\/11\/17\/inscricoes-abertas-edital-de-selecao-para-ingresso-nos-cursos-de-mestrado-e-doutorado-2024\/&amp;source=gmail&amp;ust=1701785440024000&amp;usg=AOvVaw1tv4IN5Yhg_Oa3HDlfhXBO\" href=\"https:\/\/www.prppg.ufpr.br\/site\/ppgmade\/pb\/2023\/11\/17\/inscricoes-abertas-edital-de-selecao-para-ingresso-nos-cursos-de-mestrado-e-doutorado-2024\/\" target=\"_blank\" rel=\"noopener noreferrer\">https:\/\/www.prppg.ufpr.br\/site\/ppgmade\/pb\/2023\/11\/17\/inscricoes-abertas-edital-de-selecao-para-ingresso-nos-cursos-de-mestrado-e-doutorado-2024\/<\/a><\/p>\n<\/div>\n<\/div>\n\n\n\n<p><\/p>\n","protected":false},"excerpt":{"rendered":"<p>Est\u00e3o abertas as inscri\u00e7\u00f5es para o Mestrado e Doutorado do Programa de P\u00f3s-Gradua\u00e7\u00e3o em Meio Ambiente e Desenvolvimento \u2013 MADE\/UFPR Per\u00edodo de inscri\u00e7\u00f5es: de 17\/11\/2023 at\u00e9 15\/01\/2023; N\u00ba de vagas: 15 para doutorado e 17 para mestrado, sendo 50% destinadas a pol\u00edticas afirmativas; Informa\u00e7\u00f5es detalhadas: https:\/\/www.prppg.ufpr.br\/site\/ppgmade\/pb\/2023\/11\/17\/inscricoes-abertas-edital-de-selecao-para-ingresso-nos-cursos-de-mestrado-e-doutorado-2024\/<\/p>\n","protected":false},"author":18,"featured_media":0,"comment_status":"open","ping_status":"open","sticky":false,"template":"","format":"standard","meta":{"footnotes":""},"categories":[381,386],"tags":[],"class_list":["post-16590","post","type-post","status-publish","format-standard","hentry","category-editais-e-processos-seletivos","category-mestrado-e-doutorado"],"_links":{"self":[{"href":"https:\/\/ufpr.br\/propg\/wp-json\/wp\/v2\/posts\/16590","targetHints":{"allow":["GET"]}}],"collection":[{"href":"https:\/\/ufpr.br\/propg\/wp-json\/wp\/v2\/posts"}],"about":[{"href":"https:\/\/ufpr.br\/propg\/wp-json\/wp\/v2\/types\/post"}],"author":[{"embeddable":true,"href":"https:\/\/ufpr.br\/propg\/wp-json\/wp\/v2\/users\/18"}],"replies":[{"embeddable":true,"href":"https:\/\/ufpr.br\/propg\/wp-json\/wp\/v2\/comments?post=16590"}],"version-history":[{"count":5,"href":"https:\/\/ufpr.br\/propg\/wp-json\/wp\/v2\/posts\/16590\/revisions"}],"predecessor-version":[{"id":19258,"href":"https:\/\/ufpr.br\/propg\/wp-json\/wp\/v2\/posts\/16590\/revisions\/19258"}],"wp:attachment":[{"href":"https:\/\/ufpr.br\/propg\/wp-json\/wp\/v2\/media?parent=16590"}],"wp:term":[{"taxonomy":"category","embeddable":true,"href":"https:\/\/ufpr.br\/propg\/wp-json\/wp\/v2\/categories?post=16590"},{"taxonomy":"post_tag","embeddable":true,"href":"https:\/\/ufpr.br\/propg\/wp-json\/wp\/v2\/tags?post=16590"}],"curies":[{"name":"wp","href":"https:\/\/api.w.org\/{rel}","templated":true}]}}