{"id":16454,"date":"2023-10-31T08:28:33","date_gmt":"2023-10-31T11:28:33","guid":{"rendered":"https:\/\/ufpr.br\/iv-seminario-de-saude-mental-do-casa-4-ufpr-31-10-2023"},"modified":"2025-12-02T09:37:03","modified_gmt":"2025-12-02T12:37:03","slug":"iv-seminario-de-saude-mental-do-casa-4-ufpr-31-10-2023","status":"publish","type":"post","link":"https:\/\/ufpr.br\/propg\/iv-seminario-de-saude-mental-do-casa-4-ufpr-31-10-2023\/","title":{"rendered":"[Evento] IV Semin\u00e1rio de Sa\u00fade Mental do CASA 4\/UFPR &#8211; 31\/10\/2023"},"content":{"rendered":"\n<div style=\"height:50px\" aria-hidden=\"true\" class=\"wp-block-spacer\"><\/div>\n\n\n\n<div class=\"wp-block-columns is-layout-flex wp-container-core-columns-is-layout-9d6595d7 wp-block-columns-is-layout-flex\">\n<div class=\"wp-block-column is-layout-flow wp-block-column-is-layout-flow\">\n<figure class=\"wp-block-image size-large\"><a href=\"https:\/\/ufpr.br\/propg\/wp-content\/uploads\/2023\/10\/cartaz-de-divulgacao-1-jpg.jpg\" target=\"_blank\" rel=\" noreferrer noopener\"><img decoding=\"async\" src=\"https:\/\/ufpr.br\/propg\/wp-content\/uploads\/2023\/10\/cartaz-de-divulgacao-1-jpg-576x1024.jpg\" alt=\"\" class=\"wp-image-37277\"\/><\/a><\/figure>\n<\/div>\n\n\n\n<div class=\"wp-block-column is-layout-flow wp-block-column-is-layout-flow\">\n<h2 class=\"wp-block-heading\">Vem a\u00ed o IV Semin\u00e1rio de Sa\u00fade Mental do <br>CASA 4\/UFPR<\/h2>\n\n\n\n<p>O IV Semin\u00e1rio de Sa\u00fade Mental do&nbsp;<a data-saferedirecturl=\"https:\/\/www.google.com\/url?q=http:\/\/progepe.ufpr.br\/portal\/progepe\/caiss\/casa4\/&amp;source=gmail&amp;ust=1698146279473000&amp;usg=AOvVaw2LnUwPsGJQs_EO-llygRTq\" href=\"http:\/\/progepe.ufpr.br\/portal\/progepe\/caiss\/casa4\/\" id=\"m_5159833644609160772OWA282ccd57-8945-ca6d-ed77-cfdfbda8c2fb\" target=\"_blank\" rel=\"noopener\">CASA 4<\/a>&nbsp;\u00e9 um evento de extens\u00e3o voltado para alunos de gradua\u00e7\u00e3o, p\u00f3s-gradua\u00e7\u00e3o, servidores docentes, servidores t\u00e9cnicos-administrativos da Universidade Federal do Paran\u00e1 (UFPR) e comunidade externa. Ele tem como objetivo promover a discuss\u00e3o e o compartilhamento de conhecimentos relacionados \u00e0 sa\u00fade mental na \u00e1rea de promo\u00e7\u00e3o, preven\u00e7\u00e3o e assist\u00eancia.<\/p>\n\n\n\n<p>O evento ser\u00e1 realizado no Bloco Did\u00e1tico do&nbsp;<a id=\"m_5159833644609160772OWA2e2232c2-4710-c0b0-25f2-833d343c7c6b\" href=\"https:\/\/agrarias.ufpr.br\/\" target=\"_blank\" rel=\"noopener\" data-saferedirecturl=\"https:\/\/www.google.com\/url?q=https:\/\/agrarias.ufpr.br\/&amp;source=gmail&amp;ust=1698146279474000&amp;usg=AOvVaw0W-GvcrfuV_bQRDsqF_eSV\">Campus Agr\u00e1rias<\/a>&nbsp;da UFPR no dia 31 de outubro de 2023, durante todo dia, e abarcar\u00e1 duas confer\u00eancias e duas mesas-redondas, fomentando um ambiente conjunto de aprendizado, reflex\u00f5es e trocas de experi\u00eancias.<\/p>\n\n\n\n<h2 class=\"wp-block-heading\">Programa\u00e7\u00e3o<\/h2>\n\n\n\n<p><strong>8h30: credenciamento\u00a0<\/strong><\/p>\n\n\n\n<p><strong>9h: Confer\u00eancia de abertura\u00a0<\/strong><\/p>\n\n\n\n<p>\u201cBloqueio da escrita acad\u00eamica: fatores psicol\u00f3gicos, sociais e comportamentais\u201d<\/p>\n\n\n\n<p>Prof Dr.&nbsp;<a id=\"m_5159833644609160772OWA0ba96518-e6a8-ca9a-7c3a-eb207382f4d9\" href=\"http:\/\/lattes.cnpq.br\/6002306792202838\" target=\"_blank\" rel=\"noopener\" data-saferedirecturl=\"https:\/\/www.google.com\/url?q=http:\/\/lattes.cnpq.br\/6002306792202838&amp;source=gmail&amp;ust=1698146279474000&amp;usg=AOvVaw0YYB9fBliU3lGL1Zvw3Qcz\">Gabriel Gomes de Luca<\/a><\/p>\n\n\n\n<p><strong>10h: pausa para um caf\u00e9\u00a0<\/strong><\/p>\n\n\n\n<p><strong>10h15: mesa-redonda\u00a0<\/strong><\/p>\n\n\n\n<p><strong>Palestra 1:<\/strong> \u201cO acolhimento psicol\u00f3gico para alunos da gradua\u00e7\u00e3o\u201d<\/p>\n\n\n\n<p>Prof\u00aa Dr\u00aa&nbsp;<a id=\"m_5159833644609160772OWA6dbc3351-bfeb-f694-a72b-e26955f62f49\" href=\"http:\/\/lattes.cnpq.br\/9293121890121178\" target=\"_blank\" rel=\"noopener\" data-saferedirecturl=\"https:\/\/www.google.com\/url?q=http:\/\/lattes.cnpq.br\/9293121890121178&amp;source=gmail&amp;ust=1698146279474000&amp;usg=AOvVaw0Yvf3AcnPGc9iKvZOhnXIe\">Gabriela Isabel Reyes Ormeno<\/a><\/p>\n\n\n\n<p><strong>Palestra 2:<\/strong>\u00a0\u201cTDAH: desafios na universidade\u201d<\/p>\n\n\n\n<p>Prof\u00aa Dr\u00aa&nbsp;<a id=\"m_5159833644609160772OWAae7c4aa4-76f6-9ea8-f68f-a74b05383674\" href=\"http:\/\/lattes.cnpq.br\/2741990534648615\" target=\"_blank\" rel=\"noopener\" data-saferedirecturl=\"https:\/\/www.google.com\/url?q=http:\/\/lattes.cnpq.br\/2741990534648615&amp;source=gmail&amp;ust=1698146279474000&amp;usg=AOvVaw25okG_YBo5bi6Ro2_OPzAc\">Sandra Regina Dias da Costa<\/a><\/p>\n\n\n\n<p><strong>12h: intervalo\u00a0<\/strong><\/p>\n\n\n\n<p><strong>14h: Confer\u00eancia da tarde\u00a0<\/strong><\/p>\n\n\n\n<p>\u201cAutismo: diagn\u00f3stico tardio. E agora?\u201d<\/p>\n\n\n\n<p>M\u00e9dico Neurologista Dr.&nbsp;<a id=\"m_5159833644609160772OWA60c53613-a485-68ee-95fc-c4eba6200d6a\" href=\"http:\/\/lattes.cnpq.br\/6153332746239738\" target=\"_blank\" rel=\"noopener\" data-saferedirecturl=\"https:\/\/www.google.com\/url?q=http:\/\/lattes.cnpq.br\/6153332746239738&amp;source=gmail&amp;ust=1698146279474000&amp;usg=AOvVaw2Wgga0ipQ61032x_SSYA8S\">Thiago Ferreira Sim\u00f5es de Souza<\/a><\/p>\n\n\n\n<p><strong>15h: pausa para um caf\u00e9\u00a0<\/strong><\/p>\n\n\n\n<p><strong>15h15: mesa-redonda\u00a0<\/strong><\/p>\n\n\n\n<p><strong>Palestra 1<\/strong>:\u00a0\u201cSinais de aten\u00e7\u00e3o ao suic\u00eddio\u201d<\/p>\n\n\n\n<p>M\u00e9dico Psiquiatra Prof. Dr.&nbsp;<a id=\"m_5159833644609160772OWA8f8532b7-fbd8-b5ba-0dcc-dd4d2e920f57\" href=\"http:\/\/lattes.cnpq.br\/7255791203667158\" target=\"_blank\" rel=\"noopener\" data-saferedirecturl=\"https:\/\/www.google.com\/url?q=http:\/\/lattes.cnpq.br\/7255791203667158&amp;source=gmail&amp;ust=1698146279474000&amp;usg=AOvVaw3WpklgzprHSzgOADCe_Rfn\">Thiago Henrique Roza<\/a><\/p>\n\n\n\n<p><strong>Palestra 2:<\/strong>\u00a0\u201cUm olhar para o outro: as amizades curam\u201d<\/p>\n\n\n\n<p>Psic. Doutoranda&nbsp;<a id=\"m_5159833644609160772OWAd85e1663-5e0a-7116-619e-ebc13fd43177\" href=\"http:\/\/lattes.cnpq.br\/3374214479280044\" target=\"_blank\" rel=\"noopener\" data-saferedirecturl=\"https:\/\/www.google.com\/url?q=http:\/\/lattes.cnpq.br\/3374214479280044&amp;source=gmail&amp;ust=1698146279474000&amp;usg=AOvVaw2di3s3S-w6_BAT1l8OMhUJ\">L\u00facia Maria de Oliveira Santos<\/a><\/p>\n\n\n\n<hr class=\"wp-block-separator has-text-color has-cyan-bluish-gray-color has-alpha-channel-opacity has-cyan-bluish-gray-background-color has-background is-style-wide\"\/>\n\n\n\n<p>\u00a0As inscri\u00e7\u00f5es s\u00e3o gratuitas e ser\u00e1 fornecido aos participantes um certificado de 6h!\u00a0\u00a0Vagas limitadas!<\/p>\n\n\n\n<ul class=\"wp-block-list\">\n<li><strong>Quando?<\/strong>\u00a031 de outubro de 2023<\/li>\n<\/ul>\n\n\n\n<ul class=\"wp-block-list\">\n<li><strong>Onde?<\/strong>\u00a0Bloco Did\u00e1tico, Campus Agr\u00e1rias da UFPR \u2013\u00a0<a data-saferedirecturl=\"https:\/\/www.google.com\/url?q=https:\/\/maps.app.goo.gl\/eHHsdT4F1EM23YbPA&amp;source=gmail&amp;ust=1698146279474000&amp;usg=AOvVaw3MSU32t_78pPMtyMOBTAEB\" href=\"https:\/\/maps.app.goo.gl\/eHHsdT4F1EM23YbPA\" id=\"m_5159833644609160772OWA2a89921d-9b5e-69ea-d345-1f064b44422d\" target=\"_blank\" rel=\"noopener\">Rua dos Funcion\u00e1rios, 1540 &#8211; Cabral<\/a>, Curitiba-PR<\/li>\n<\/ul>\n\n\n\n<ul class=\"wp-block-list\">\n<li><strong>Inscri\u00e7\u00f5es pelo Link:<\/strong>\u00a0<a data-saferedirecturl=\"https:\/\/www.google.com\/url?q=https:\/\/forms.office.com\/r\/TXajjTDEEn&amp;source=gmail&amp;ust=1698146279474000&amp;usg=AOvVaw1RvWkM77VW1eehEHAEtXeL\" href=\"https:\/\/forms.office.com\/r\/TXajjTDEEn\" id=\"m_5159833644609160772OWA022a95bc-1142-e004-f35d-eac1ce0c526a\" target=\"_blank\" rel=\"noopener\">https:\/\/forms.office.com\/r\/TXajjTDEEn<\/a><\/li>\n<\/ul>\n\n\n\n<hr class=\"wp-block-separator has-text-color has-cyan-bluish-gray-color has-alpha-channel-opacity has-cyan-bluish-gray-background-color has-background is-style-wide\"\/>\n\n\n\n<h2 class=\"wp-block-heading\">Mais informa\u00e7\u00f5es em<\/h2>\n\n\n\n<p><a href=\"http:\/\/progepe.ufpr.br\/portal\/iv-seminario-de-saude-mental-do-casa4-ufpr\/\" target=\"_blank\" rel=\"noreferrer noopener\">http:\/\/progepe.ufpr.br\/portal\/iv-seminario-de-saude-mental-do-casa4-ufpr<\/a><\/p>\n<\/div>\n<\/div>\n\n\n\n<p><\/p>\n","protected":false},"excerpt":{"rendered":"<p>Vem a\u00ed o IV Semin\u00e1rio de Sa\u00fade Mental do CASA 4\/UFPR O IV Semin\u00e1rio de Sa\u00fade Mental do&nbsp;CASA 4&nbsp;\u00e9 um evento de extens\u00e3o voltado para alunos de gradua\u00e7\u00e3o, p\u00f3s-gradua\u00e7\u00e3o, servidores docentes, servidores t\u00e9cnicos-administrativos da Universidade Federal do Paran\u00e1 (UFPR) e comunidade externa. Ele tem como objetivo promover a discuss\u00e3o e o compartilhamento de conhecimentos relacionados [&hellip;]<\/p>\n","protected":false},"author":18,"featured_media":0,"comment_status":"open","ping_status":"open","sticky":false,"template":"","format":"standard","meta":{"footnotes":""},"categories":[386],"tags":[],"class_list":["post-16454","post","type-post","status-publish","format-standard","hentry","category-mestrado-e-doutorado"],"_links":{"self":[{"href":"https:\/\/ufpr.br\/propg\/wp-json\/wp\/v2\/posts\/16454","targetHints":{"allow":["GET"]}}],"collection":[{"href":"https:\/\/ufpr.br\/propg\/wp-json\/wp\/v2\/posts"}],"about":[{"href":"https:\/\/ufpr.br\/propg\/wp-json\/wp\/v2\/types\/post"}],"author":[{"embeddable":true,"href":"https:\/\/ufpr.br\/propg\/wp-json\/wp\/v2\/users\/18"}],"replies":[{"embeddable":true,"href":"https:\/\/ufpr.br\/propg\/wp-json\/wp\/v2\/comments?post=16454"}],"version-history":[{"count":13,"href":"https:\/\/ufpr.br\/propg\/wp-json\/wp\/v2\/posts\/16454\/revisions"}],"predecessor-version":[{"id":19223,"href":"https:\/\/ufpr.br\/propg\/wp-json\/wp\/v2\/posts\/16454\/revisions\/19223"}],"wp:attachment":[{"href":"https:\/\/ufpr.br\/propg\/wp-json\/wp\/v2\/media?parent=16454"}],"wp:term":[{"taxonomy":"category","embeddable":true,"href":"https:\/\/ufpr.br\/propg\/wp-json\/wp\/v2\/categories?post=16454"},{"taxonomy":"post_tag","embeddable":true,"href":"https:\/\/ufpr.br\/propg\/wp-json\/wp\/v2\/tags?post=16454"}],"curies":[{"name":"wp","href":"https:\/\/api.w.org\/{rel}","templated":true}]}}