{"id":16453,"date":"2023-10-17T10:48:54","date_gmt":"2023-10-17T13:48:54","guid":{"rendered":"https:\/\/ufpr.br\/foto-no-predio-historico-mestres-e-doutores-formados-em-2023"},"modified":"2025-12-02T09:37:23","modified_gmt":"2025-12-02T12:37:23","slug":"foto-no-predio-historico-mestres-e-doutores-formados-em-2023","status":"publish","type":"post","link":"https:\/\/ufpr.br\/propg\/foto-no-predio-historico-mestres-e-doutores-formados-em-2023\/","title":{"rendered":"[Foto no Pr\u00e9dio Hist\u00f3rico] Mestres e Doutores formados em 2023"},"content":{"rendered":"\n<div class=\"wp-block-columns is-layout-flex wp-container-core-columns-is-layout-9d6595d7 wp-block-columns-is-layout-flex\">\n<div class=\"wp-block-column is-layout-flow wp-block-column-is-layout-flow\">\n<figure class=\"wp-block-gallery has-nested-images columns-default is-cropped wp-block-gallery-1 is-layout-flex wp-block-gallery-is-layout-flex\">\n<figure class=\"wp-block-image size-large\"><a href=\"https:\/\/ufpr.br\/propg\/cpgss\/fotos-dos-mestres-e-doutores-no-predio-historico-da-ufpr\/\"><img decoding=\"async\" data-id=\"35800\" src=\"https:\/\/ufpr.br\/propg\/wp-content\/uploads\/2025\/10\/foto2023-a.jpg\" alt=\"\" class=\"wp-image-35800\"\/><\/a><\/figure>\n\n\n\n<figure class=\"wp-block-image size-large\"><img decoding=\"async\" data-id=\"35805\" src=\"https:\/\/ufpr.br\/propg\/wp-content\/uploads\/2025\/10\/foto2023.jpg\" alt=\"\" class=\"wp-image-35805\"\/><\/figure>\n<\/figure>\n<\/div>\n\n\n\n<div class=\"wp-block-column is-layout-flow wp-block-column-is-layout-flow\">\n<p>A UFPR teve 1.659 mestres e doutores titulados entre outubro de 2022 e setembro de 2023!<\/p>\n\n\n\n<p>E pra celebrar e dar visibilidade a essa grande conquista, na manh\u00e3 do dia 16\/10\/2023, segunda-feira, foi feita uma foto simb\u00f3lica, comemorativa, nas escadarias do Pr\u00e9dio Hist\u00f3rico da Universidade, com a presen\u00e7a da vice-reitora, professora Graciela Bolzon de Muniz.<\/p>\n\n\n\n<p>Veja as fotos dos titulados 2022 e 2023 em: <a href=\"https:\/\/ufpr.br\/propg\/cpgss\/fotos-dos-mestres-e-doutores-no-predio-historico-da-ufpr\/\">https:\/\/ufpr.br\/propg\/cpgss\/fotos-dos-mestres-e-doutores-no-predio-historico-da-ufpr\/<\/a><\/p>\n<\/div>\n<\/div>\n\n\n\n<p>&nbsp;<\/p>\n","protected":false},"excerpt":{"rendered":"<p>A UFPR teve 1.659 mestres e doutores titulados entre outubro de 2022 e setembro de 2023! E pra celebrar e dar visibilidade a essa grande conquista, na manh\u00e3 do dia 16\/10\/2023, segunda-feira, foi feita uma foto simb\u00f3lica, comemorativa, nas escadarias do Pr\u00e9dio Hist\u00f3rico da Universidade, com a presen\u00e7a da vice-reitora, professora Graciela Bolzon de Muniz. [&hellip;]<\/p>\n","protected":false},"author":16,"featured_media":0,"comment_status":"open","ping_status":"open","sticky":false,"template":"","format":"standard","meta":{"footnotes":""},"categories":[386],"tags":[],"class_list":["post-16453","post","type-post","status-publish","format-standard","hentry","category-mestrado-e-doutorado"],"_links":{"self":[{"href":"https:\/\/ufpr.br\/propg\/wp-json\/wp\/v2\/posts\/16453","targetHints":{"allow":["GET"]}}],"collection":[{"href":"https:\/\/ufpr.br\/propg\/wp-json\/wp\/v2\/posts"}],"about":[{"href":"https:\/\/ufpr.br\/propg\/wp-json\/wp\/v2\/types\/post"}],"author":[{"embeddable":true,"href":"https:\/\/ufpr.br\/propg\/wp-json\/wp\/v2\/users\/16"}],"replies":[{"embeddable":true,"href":"https:\/\/ufpr.br\/propg\/wp-json\/wp\/v2\/comments?post=16453"}],"version-history":[{"count":7,"href":"https:\/\/ufpr.br\/propg\/wp-json\/wp\/v2\/posts\/16453\/revisions"}],"predecessor-version":[{"id":19229,"href":"https:\/\/ufpr.br\/propg\/wp-json\/wp\/v2\/posts\/16453\/revisions\/19229"}],"wp:attachment":[{"href":"https:\/\/ufpr.br\/propg\/wp-json\/wp\/v2\/media?parent=16453"}],"wp:term":[{"taxonomy":"category","embeddable":true,"href":"https:\/\/ufpr.br\/propg\/wp-json\/wp\/v2\/categories?post=16453"},{"taxonomy":"post_tag","embeddable":true,"href":"https:\/\/ufpr.br\/propg\/wp-json\/wp\/v2\/tags?post=16453"}],"curies":[{"name":"wp","href":"https:\/\/api.w.org\/{rel}","templated":true}]}}