{"id":16452,"date":"2023-10-09T14:48:11","date_gmt":"2023-10-09T17:48:11","guid":{"rendered":"https:\/\/ufpr.br\/apcn-2023-calendario-ufpr-para-a-avaliacao-de-propostas-de-cursos-novos"},"modified":"2025-12-02T09:40:40","modified_gmt":"2025-12-02T12:40:40","slug":"apcn-2023-calendario-ufpr-para-a-avaliacao-de-propostas-de-cursos-novos","status":"publish","type":"post","link":"https:\/\/ufpr.br\/propg\/apcn-2023-calendario-ufpr-para-a-avaliacao-de-propostas-de-cursos-novos\/","title":{"rendered":"[APCN 2023] Calend\u00e1rio UFPR para a Avalia\u00e7\u00e3o de Propostas de Cursos Novos"},"content":{"rendered":"\n<div style=\"height:25px\" aria-hidden=\"true\" class=\"wp-block-spacer\"><\/div>\n\n\n\n<p>Acesse o Calend\u00e1rio APCN (Avalia\u00e7\u00e3o de Propostas de Cursos Novos) para 2023: <a href=\"https:\/\/ufpr.br\/propg\/cpgss\/apcn\/\">https:\/\/ufpr.br\/propg\/cpgss\/apcn\/<\/a><\/p>\n\n\n\n<hr class=\"wp-block-separator has-text-color has-cyan-bluish-gray-color has-alpha-channel-opacity has-cyan-bluish-gray-background-color has-background is-style-wide\"\/>\n\n\n\n<h2 class=\"wp-block-heading\">Saiba mais<\/h2>\n\n\n\n<p>O que \u00e9 APCN?<\/p>\n\n\n\n<ul class=\"wp-block-list\">\n<li>A <strong>Avalia\u00e7\u00e3o de Proposta de Cursos Novos (APCN)<\/strong>\u00a0\u00e9 o processo de entrada de novos cursos\/programas de P\u00f3s-Gradua\u00e7\u00e3o Stricto Sensu no Sistema Nacional de P\u00f3s-Gradua\u00e7\u00e3o(SNPG) gerido pela Coordena\u00e7\u00e3o de Aperfei\u00e7oamento de Pessoal de N\u00edvel Superior (Capes). Atrav\u00e9s do processo, as Institui\u00e7\u00f5es t\u00eam oportunidade de abrir novos cursos de mestrado e\/ou doutorado.<\/li>\n<\/ul>\n\n\n\n<p>Conhe\u00e7a mais sobre o processo avaliativo da P\u00f3s-Gradua\u00e7\u00e3o Stricto Sensu\u00a0<a href=\"https:\/\/www.gov.br\/capes\/pt-br\/acesso-a-informacao\/acoes-e-programas\/avaliacao\/sobre-a-avaliacao\/avaliacao-o-que-e\/sobre-a-avaliacao-conceitos-processos-e-normas\" target=\"_blank\" rel=\"noreferrer noopener\">clicando aqui.<\/a><\/p>\n\n\n\n<p>&nbsp;<\/p>\n","protected":false},"excerpt":{"rendered":"<p>Acesse o Calend\u00e1rio APCN (Avalia\u00e7\u00e3o de Propostas de Cursos Novos) para 2023: https:\/\/ufpr.br\/propg\/cpgss\/apcn\/ Saiba mais O que \u00e9 APCN? Conhe\u00e7a mais sobre o processo avaliativo da P\u00f3s-Gradua\u00e7\u00e3o Stricto Sensu\u00a0clicando aqui. &nbsp;<\/p>\n","protected":false},"author":16,"featured_media":0,"comment_status":"open","ping_status":"open","sticky":false,"template":"","format":"standard","meta":{"footnotes":""},"categories":[381,386],"tags":[],"class_list":["post-16452","post","type-post","status-publish","format-standard","hentry","category-editais-e-processos-seletivos","category-mestrado-e-doutorado"],"_links":{"self":[{"href":"https:\/\/ufpr.br\/propg\/wp-json\/wp\/v2\/posts\/16452","targetHints":{"allow":["GET"]}}],"collection":[{"href":"https:\/\/ufpr.br\/propg\/wp-json\/wp\/v2\/posts"}],"about":[{"href":"https:\/\/ufpr.br\/propg\/wp-json\/wp\/v2\/types\/post"}],"author":[{"embeddable":true,"href":"https:\/\/ufpr.br\/propg\/wp-json\/wp\/v2\/users\/16"}],"replies":[{"embeddable":true,"href":"https:\/\/ufpr.br\/propg\/wp-json\/wp\/v2\/comments?post=16452"}],"version-history":[{"count":5,"href":"https:\/\/ufpr.br\/propg\/wp-json\/wp\/v2\/posts\/16452\/revisions"}],"predecessor-version":[{"id":19233,"href":"https:\/\/ufpr.br\/propg\/wp-json\/wp\/v2\/posts\/16452\/revisions\/19233"}],"wp:attachment":[{"href":"https:\/\/ufpr.br\/propg\/wp-json\/wp\/v2\/media?parent=16452"}],"wp:term":[{"taxonomy":"category","embeddable":true,"href":"https:\/\/ufpr.br\/propg\/wp-json\/wp\/v2\/categories?post=16452"},{"taxonomy":"post_tag","embeddable":true,"href":"https:\/\/ufpr.br\/propg\/wp-json\/wp\/v2\/tags?post=16452"}],"curies":[{"name":"wp","href":"https:\/\/api.w.org\/{rel}","templated":true}]}}