{"id":16451,"date":"2023-10-09T08:27:29","date_gmt":"2023-10-09T11:27:29","guid":{"rendered":"https:\/\/ufpr.br\/prppg-uceo-orientacoes-aos-ppg-captacao-de-demandas-adicionais-de-materiais-de-consumo-e-servicos-via-proap-2023"},"modified":"2025-12-02T09:42:46","modified_gmt":"2025-12-02T12:42:46","slug":"prppg-uceo-orientacoes-aos-ppg-captacao-de-demandas-adicionais-de-materiais-de-consumo-e-servicos-via-proap-2023","status":"publish","type":"post","link":"https:\/\/ufpr.br\/propg\/prppg-uceo-orientacoes-aos-ppg-captacao-de-demandas-adicionais-de-materiais-de-consumo-e-servicos-via-proap-2023\/","title":{"rendered":"[PRPPG\/UCEO] Orienta\u00e7\u00f5es aos PPG: capta\u00e7\u00e3o de demandas adicionais de Materiais de Consumo e Servi\u00e7os via PROAP 2023"},"content":{"rendered":"\n<p>A Unidade de controle e execu\u00e7\u00e3o or\u00e7ament\u00e1ria (PRPPG\/UCEO) est\u00e1 captando as demandas adicionais de Materiais de Consumo e Servi\u00e7os a serem atendidos com recursos do PROAP 2023.<\/p>\n\n\n\n<p>Para tanto, solicita aos PPG contemplados com PROAP 2023 preencher o formul\u00e1rio para levantamento das demandas adicionais:<\/p>\n\n\n\n<ul class=\"wp-block-list\">\n<li>Formul\u00e1rio:\u00a0<a href=\"https:\/\/forms.office.com\/Pages\/ResponsePage.aspx?id=ozd7w-Lp-UK8Z0ubc44d8DQ3YRNQl9xJs-txL8YqWmlURUw0QlRaMlRZTzNRWFpOSEtQNTUxUlRVQi4u\" target=\"_blank\" rel=\"noreferrer noopener\">https:\/\/forms.office.com\/Pages\/ResponsePage.aspx?id=ozd7w-Lp-UK8Z0ubc44d8DQ3YRNQl9xJs-txL8YqWmlURUw0QlRaMlRZTzNRWFpOSEtQNTUxUlRVQi4u<\/a><\/li>\n<\/ul>\n\n\n\n<p>O formul\u00e1rio deve ser preenchido at\u00e9 o dia\u00a0<strong>20\/10\/2023<\/strong>.<\/p>\n\n\n\n<p>Em caso de d\u00favidas, encaminhe e-mail para a Unidade de Controle e Execu\u00e7\u00e3o Or\u00e7ament\u00e1ria (PRPPG\/UCEO):\u00a0<a href=\"mailto:uceo.prppg@ufpr.br\" target=\"_blank\" rel=\"noreferrer noopener\">uceo.prppg@ufpr.br<\/a><br><\/p>\n\n\n\n<p>Mais informa\u00e7\u00f5es sobre o PROAP em\u00a0<a href=\"https:\/\/ufpr.br\/propg\/uceo\/saldos-proap\/\">https:\/\/ufpr.br\/propg\/uceo\/saldos-proap\/<\/a><\/p>\n\n\n\n<p><\/p>\n","protected":false},"excerpt":{"rendered":"<p>A Unidade de controle e execu\u00e7\u00e3o or\u00e7ament\u00e1ria (PRPPG\/UCEO) est\u00e1 captando as demandas adicionais de Materiais de Consumo e Servi\u00e7os a serem atendidos com recursos do PROAP 2023. Para tanto, solicita aos PPG contemplados com PROAP 2023 preencher o formul\u00e1rio para levantamento das demandas adicionais: O formul\u00e1rio deve ser preenchido at\u00e9 o dia\u00a020\/10\/2023. Em caso de [&hellip;]<\/p>\n","protected":false},"author":18,"featured_media":0,"comment_status":"open","ping_status":"open","sticky":false,"template":"","format":"standard","meta":{"footnotes":""},"categories":[386],"tags":[],"class_list":["post-16451","post","type-post","status-publish","format-standard","hentry","category-mestrado-e-doutorado"],"_links":{"self":[{"href":"https:\/\/ufpr.br\/propg\/wp-json\/wp\/v2\/posts\/16451","targetHints":{"allow":["GET"]}}],"collection":[{"href":"https:\/\/ufpr.br\/propg\/wp-json\/wp\/v2\/posts"}],"about":[{"href":"https:\/\/ufpr.br\/propg\/wp-json\/wp\/v2\/types\/post"}],"author":[{"embeddable":true,"href":"https:\/\/ufpr.br\/propg\/wp-json\/wp\/v2\/users\/18"}],"replies":[{"embeddable":true,"href":"https:\/\/ufpr.br\/propg\/wp-json\/wp\/v2\/comments?post=16451"}],"version-history":[{"count":6,"href":"https:\/\/ufpr.br\/propg\/wp-json\/wp\/v2\/posts\/16451\/revisions"}],"predecessor-version":[{"id":19234,"href":"https:\/\/ufpr.br\/propg\/wp-json\/wp\/v2\/posts\/16451\/revisions\/19234"}],"wp:attachment":[{"href":"https:\/\/ufpr.br\/propg\/wp-json\/wp\/v2\/media?parent=16451"}],"wp:term":[{"taxonomy":"category","embeddable":true,"href":"https:\/\/ufpr.br\/propg\/wp-json\/wp\/v2\/categories?post=16451"},{"taxonomy":"post_tag","embeddable":true,"href":"https:\/\/ufpr.br\/propg\/wp-json\/wp\/v2\/tags?post=16451"}],"curies":[{"name":"wp","href":"https:\/\/api.w.org\/{rel}","templated":true}]}}