{"id":16450,"date":"2023-10-04T09:36:31","date_gmt":"2023-10-04T12:36:31","guid":{"rendered":"https:\/\/ufpr.br\/processo-seletivo-mestrado-em-desenvolvimento-territorial-sustentavel"},"modified":"2025-12-02T09:42:55","modified_gmt":"2025-12-02T12:42:55","slug":"processo-seletivo-mestrado-em-desenvolvimento-territorial-sustentavel","status":"publish","type":"post","link":"https:\/\/ufpr.br\/propg\/processo-seletivo-mestrado-em-desenvolvimento-territorial-sustentavel\/","title":{"rendered":"[Processo Seletivo] Mestrado em Desenvolvimento Territorial\u00a0Sustent\u00e1vel"},"content":{"rendered":"\n<div class=\"wp-block-columns is-layout-flex wp-container-core-columns-is-layout-9d6595d7 wp-block-columns-is-layout-flex\">\n<div class=\"wp-block-column is-layout-flow wp-block-column-is-layout-flow\" style=\"flex-basis:40%\">\n<p>Est\u00e3o <strong>Abertas as Inscri\u00e7\u00f5es para o\u00a0Processo\u00a0Seletivo\u00a02023<\/strong>, os candidatos ao curso de Mestrado em Desenvolvimento Territorial\u00a0Sustent\u00e1vel, do\u00a0Setor Litoral da UFPR, poder\u00e3o realizar sua inscri\u00e7\u00e3o atrav\u00e9s do site do Programa.<\/p>\n\n\n\n<p>O Programa se compromete com a perspectiva de futuro quanto ao desenvolvimento territorial sustent\u00e1vel, constru\u00eddo&nbsp;por e para quem vive e, ainda, viver\u00e1 no lugar. Assim, busca-se compreender as din\u00e2micas ecossist\u00eamicas e as l\u00f3gicas do mercado e das pol\u00edticas de Estado, nas suas diferentes inst\u00e2ncias e ainda, a&nbsp;infer\u00eancia das organiza\u00e7\u00f5es sejam elas locais ou internacionais.<\/p>\n\n\n\n<ul class=\"wp-block-list\">\n<li>Per\u00edodo de Inscri\u00e7\u00e3o:&nbsp;at\u00e9 30\/10\/2023<\/li>\n<\/ul>\n\n\n\n<ul class=\"wp-block-list\">\n<li><a href=\"http:\/\/www.ppgdts.ufpr.br\/\" target=\"_blank\" rel=\"noreferrer noopener\">Acesse o edital<\/a><\/li>\n<\/ul>\n\n\n\n<p>Site:&nbsp;<a href=\"http:\/\/www.ppgdts.ufpr.br\/\" target=\"_blank\" rel=\"noreferrer noopener\">www.ppgdts.ufpr.br<\/a><\/p>\n\n\n\n<p>As inscri\u00e7\u00f5es s\u00e3o gratuitas e ser\u00e3o realizadas unicamente pela internet.<\/p>\n\n\n\n<hr class=\"wp-block-separator has-text-color has-cyan-bluish-gray-color has-alpha-channel-opacity has-cyan-bluish-gray-background-color has-background is-style-wide\"\/>\n\n\n\n<p>Mais informa\u00e7\u00f5es:&nbsp;<a href=\"mailto:ppgdts@gmail.com\" target=\"_blank\" rel=\"noreferrer noopener\">ppgdts@gmail.com<\/a><\/p>\n\n\n\n<hr class=\"wp-block-separator has-text-color has-cyan-bluish-gray-color has-alpha-channel-opacity has-cyan-bluish-gray-background-color has-background is-style-wide\"\/>\n<\/div>\n\n\n\n<div class=\"wp-block-column is-layout-flow wp-block-column-is-layout-flow\" style=\"flex-basis:5%\"><\/div>\n\n\n\n<div class=\"wp-block-column is-layout-flow wp-block-column-is-layout-flow\">\n<figure class=\"wp-block-image size-full is-resized\"><a href=\"https:\/\/www.youtube.com\/@dtsufpr\/about\" target=\"_blank\" rel=\" noreferrer noopener\"><img decoding=\"async\" src=\"https:\/\/ufpr.br\/propg\/wp-content\/uploads\/2023\/10\/ppgdts_live.jpg\" alt=\"\" class=\"wp-image-37087\" style=\"width:400px\"\/><\/a><\/figure>\n\n\n\n<h2 class=\"wp-block-heading\">Que tal fazer mestrado na UFPR Litoral?<\/h2>\n\n\n\n<p>Voc\u00ea est\u00e1 convidado(a) para participar da Live de lan\u00e7amento do edital do processo seletivo para o curso de mestrado do Programa de P\u00f3s-Gradua\u00e7\u00e3o em Desenvolvimento Territorial Sustent\u00e1vel.<\/p>\n\n\n\n<p>A Live ocorrer\u00e1 no dia 11 de outubro, \u00e0s 19h30, e ser\u00e1 transmitida pelo canal do PPGDTS no YouTube:&nbsp;<a href=\"https:\/\/www.youtube.com\/@dtsufpr\/about\" target=\"_blank\" rel=\"noreferrer noopener\">https:\/\/www.youtube.com\/@dtsufpr\/about<\/a><\/p>\n\n\n\n<p>Link para acessar o edital:&nbsp;<a href=\"https:\/\/www.prppg.ufpr.br\/site\/ppgdts\/pb\/editais\/\" target=\"_blank\" rel=\"noreferrer noopener\">https:\/\/www.prppg.ufpr.br\/site\/ppgdts\/pb\/editais\/<\/a><\/p>\n\n\n\n<p>Venha conhecer o Programa e tirar d\u00favidas sobre o processo de sele\u00e7\u00e3o!<\/p>\n<\/div>\n<\/div>\n","protected":false},"excerpt":{"rendered":"<p>Est\u00e3o Abertas as Inscri\u00e7\u00f5es para o\u00a0Processo\u00a0Seletivo\u00a02023, os candidatos ao curso de Mestrado em Desenvolvimento Territorial\u00a0Sustent\u00e1vel, do\u00a0Setor Litoral da UFPR, poder\u00e3o realizar sua inscri\u00e7\u00e3o atrav\u00e9s do site do Programa. O Programa se compromete com a perspectiva de futuro quanto ao desenvolvimento territorial sustent\u00e1vel, constru\u00eddo&nbsp;por e para quem vive e, ainda, viver\u00e1 no lugar. Assim, busca-se compreender [&hellip;]<\/p>\n","protected":false},"author":16,"featured_media":0,"comment_status":"open","ping_status":"open","sticky":false,"template":"","format":"standard","meta":{"footnotes":""},"categories":[381,386],"tags":[],"class_list":["post-16450","post","type-post","status-publish","format-standard","hentry","category-editais-e-processos-seletivos","category-mestrado-e-doutorado"],"_links":{"self":[{"href":"https:\/\/ufpr.br\/propg\/wp-json\/wp\/v2\/posts\/16450","targetHints":{"allow":["GET"]}}],"collection":[{"href":"https:\/\/ufpr.br\/propg\/wp-json\/wp\/v2\/posts"}],"about":[{"href":"https:\/\/ufpr.br\/propg\/wp-json\/wp\/v2\/types\/post"}],"author":[{"embeddable":true,"href":"https:\/\/ufpr.br\/propg\/wp-json\/wp\/v2\/users\/16"}],"replies":[{"embeddable":true,"href":"https:\/\/ufpr.br\/propg\/wp-json\/wp\/v2\/comments?post=16450"}],"version-history":[{"count":18,"href":"https:\/\/ufpr.br\/propg\/wp-json\/wp\/v2\/posts\/16450\/revisions"}],"predecessor-version":[{"id":19235,"href":"https:\/\/ufpr.br\/propg\/wp-json\/wp\/v2\/posts\/16450\/revisions\/19235"}],"wp:attachment":[{"href":"https:\/\/ufpr.br\/propg\/wp-json\/wp\/v2\/media?parent=16450"}],"wp:term":[{"taxonomy":"category","embeddable":true,"href":"https:\/\/ufpr.br\/propg\/wp-json\/wp\/v2\/categories?post=16450"},{"taxonomy":"post_tag","embeddable":true,"href":"https:\/\/ufpr.br\/propg\/wp-json\/wp\/v2\/tags?post=16450"}],"curies":[{"name":"wp","href":"https:\/\/api.w.org\/{rel}","templated":true}]}}