{"id":16416,"date":"2023-09-19T10:59:06","date_gmt":"2023-09-19T13:59:06","guid":{"rendered":"https:\/\/ufpr.br\/processo-seletivo-mestrado-e-doutorado-em-gestao-da-informacao-ppggi-turma-2024"},"modified":"2025-12-02T09:36:02","modified_gmt":"2025-12-02T12:36:02","slug":"processo-seletivo-mestrado-e-doutorado-em-gestao-da-informacao-ppggi-turma-2024","status":"publish","type":"post","link":"https:\/\/ufpr.br\/propg\/processo-seletivo-mestrado-e-doutorado-em-gestao-da-informacao-ppggi-turma-2024\/","title":{"rendered":"[Processo Seletivo] Mestrado e Doutorado em Gest\u00e3o da informa\u00e7\u00e3o: Turma 2024"},"content":{"rendered":"\n<div class=\"wp-block-columns is-layout-flex wp-container-core-columns-is-layout-9d6595d7 wp-block-columns-is-layout-flex\">\n<div class=\"wp-block-column is-layout-flow wp-block-column-is-layout-flow\" style=\"flex-basis:45%\">\n<figure class=\"wp-block-image size-full is-resized\"><img decoding=\"async\" src=\"https:\/\/ufpr.br\/propg\/wp-content\/uploads\/2023\/09\/banner-programa_150_250cm_15anos-614x1024-1.jpg\" alt=\"\" class=\"wp-image-36976\" style=\"width:500px\"\/><\/figure>\n<\/div>\n\n\n\n<div class=\"wp-block-column is-layout-flow wp-block-column-is-layout-flow\" style=\"flex-basis:55%\">\n<h2 class=\"wp-block-heading\">Divulgado os editais para o Processo Seletivo Mestrado e Doutorado \u2013 Turma 2024<\/h2>\n\n\n\n<p>At\u00e9 o dia 20de outubro, o&nbsp;<strong>Programa de P\u00f3s-Gradua\u00e7\u00e3o em Gest\u00e3o da Informa\u00e7\u00e3o (PPGGI)<\/strong>&nbsp;da&nbsp;<strong>Universidade Federal do Paran\u00e1 (UFPR)<\/strong>&nbsp;recebe inscri\u00e7\u00f5es para o&nbsp;<a href=\"http:\/\/www.prppg.ufpr.br\/site\/ppggi\/pb\/2019\/08\/22\/teste-de-conhecimento\/\" target=\"_blank\" rel=\"noreferrer noopener\"><strong>Teste de Conhecimento em Gest\u00e3o da Informa\u00e7\u00e3o<\/strong><\/a>, que consiste na primeira etapa do&nbsp;processo&nbsp;seletivo&nbsp;para o curso de&nbsp;<strong>Mestrado<\/strong>.<\/p>\n\n\n\n<p>As inscri\u00e7\u00f5es para sele\u00e7\u00e3o do Mestrado ocorrem at\u00e9&nbsp;<strong>31&nbsp;<\/strong>de outubro de 2023, para este curso est\u00e3o sendo oferecidas 33 vagas. Na primeira etapa, al\u00e9m do dos exames da Associa\u00e7\u00e3o Nacional de P\u00f3s-Gradua\u00e7\u00e3o e Pesquisa em Administra\u00e7\u00e3o (<a href=\"https:\/\/testeanpad.org.br\/\" target=\"_blank\" rel=\"noreferrer noopener\">ANPAD<\/a>) e da Sociedade Brasileira de Computa\u00e7\u00e3o \u2013 (<a href=\"https:\/\/www.sbc.org.br\/index.php?option=com_content&amp;view=article&amp;layout=edit&amp;id=458\" target=\"_blank\" rel=\"noreferrer noopener\">SBC<\/a>), que t\u00eam calend\u00e1rio pr\u00f3prio, as candidaturas podem optar pelo Teste de Conhecimento em Gest\u00e3o da Informa\u00e7\u00e3o realizado pelo pr\u00f3prio PPGGI. Como em 2022, candidatas e candidatos que n\u00e3o apresentem teste anterior v\u00e1lido (2019 a 2023) e que se inscreverem no&nbsp;processo&nbsp;seletivo&nbsp;de mestrado (Edital n\u00ba 47\/2023 &#8211; SA\/PPGGI), conforme edital da sele\u00e7\u00e3o, est\u00e3o automaticamente inscritos no Teste de Conhecimento em Gest\u00e3o da Informa\u00e7\u00e3o, devendo proceder o pagamento, conforme \u00a7 1\u00ba Art. 14 do Edital n\u00ba 46\/2023 &#8211; SA\/PPGGI, para confirma\u00e7\u00e3o da inscri\u00e7\u00e3o nesta prova.<\/p>\n\n\n\n<p>As inscri\u00e7\u00f5es para o&nbsp;<strong>Doutorado<\/strong>, desde 2021, passam a ocorrer em fluxo cont\u00ednuo, conforme&nbsp;<a href=\"http:\/\/www.prppg.ufpr.br\/site\/ppggi\/wp-content\/uploads\/sites\/108\/2022\/09\/portaria-11_2022-selecao-e-admissao-ao-curso-de-doutorado.pdf\" target=\"_blank\" rel=\"noreferrer noopener\">portaria<\/a>&nbsp;espec\u00edfica e j\u00e1 est\u00e1 com suas inscri\u00e7\u00f5es abertas at\u00e9&nbsp;<strong>31<\/strong> de outubro, para turma do 1\u00ba semestre de 2024. O n\u00famero de vagas a serem ofertadas para o Doutorado, no escopo da \u00e1rea de concentra\u00e7\u00e3o do PPGGI, distribu\u00eddas para orienta\u00e7\u00e3o entre o corpo docente do Programa, constar\u00e1 em&nbsp;<a href=\"http:\/\/www.prppg.ufpr.br\/site\/ppggi\/pb\/processo-seletivo\/\" target=\"_blank\" rel=\"noreferrer noopener\">EDITAL de vagas<\/a>&nbsp;publicado semestralmente.<\/p>\n\n\n\n<p>Avaliado pela&nbsp;<strong>CAPES com nota 4<\/strong>, o&nbsp;PPGGI&nbsp;da UFPR&nbsp;tem como objetivo capacitar recursos humanos de interessados no fen\u00f4meno informa\u00e7\u00e3o\/conhecimento, em especial de professores-pesquisadores que estejam aptos a apoiar projetos e iniciativas em distintos segmentos educacionais, governamentais, de neg\u00f3cios, de servi\u00e7os ou mesmo industriais, sustentados por reflex\u00f5es te\u00f3ricas e em proposi\u00e7\u00f5es pr\u00e1ticas relativas \u00e0s problem\u00e1ticas relacionadas aos objetos informa\u00e7\u00e3o e conhecimento.<\/p>\n\n\n\n<p>O Programa est\u00e1 vinculado \u00e0 \u00e1rea&nbsp;<strong>Interdisciplinar<\/strong>&nbsp;da CAPES, com bases te\u00f3rico-metodol\u00f3gicas advindas especialmente das \u00e1reas de Ci\u00eancia da Informa\u00e7\u00e3o, Administra\u00e7\u00e3o e Tecnologia da Informa\u00e7\u00e3o. Em seu&nbsp;processo&nbsp;seletivo&nbsp;<strong>podem se inscrever pessoas com forma\u00e7\u00e3o de n\u00edvel superior em qualquer \u00e1rea de conhecimento<\/strong>.<\/p>\n\n\n\n<h3 class=\"wp-block-heading\"><strong>\u21d3\u21d3\u21d3<\/strong><\/h3>\n\n\n\n<p>Acesse para o Edital do&nbsp;Processo&nbsp;Seletivo&nbsp;de Mestrado e Doutorado:&nbsp;<a href=\"http:\/\/www.prppg.ufpr.br\/site\/ppggi\/pb\/processo-seletivo\/\" target=\"_blank\" rel=\"noreferrer noopener\">http:\/\/www.prppg.ufpr.br\/site\/ppggi\/pb\/processo-seletivo\/<\/a><\/p>\n\n\n\n<p>Acesse para o Edital do Teste de Conhecimento em Gest\u00e3o da Informa\u00e7\u00e3o:&nbsp;<a href=\"http:\/\/www.prppg.ufpr.br\/site\/ppggi\/pb\/2019\/08\/22\/teste-de-conhecimento\/\" target=\"_blank\" rel=\"noreferrer noopener\">http:\/\/www.prppg.ufpr.br\/site\/ppggi\/pb\/2019\/08\/22\/teste-de-conhecimento\/<\/a><\/p>\n<\/div>\n<\/div>\n","protected":false},"excerpt":{"rendered":"<p>Divulgado os editais para o Processo Seletivo Mestrado e Doutorado \u2013 Turma 2024 At\u00e9 o dia 20de outubro, o&nbsp;Programa de P\u00f3s-Gradua\u00e7\u00e3o em Gest\u00e3o da Informa\u00e7\u00e3o (PPGGI)&nbsp;da&nbsp;Universidade Federal do Paran\u00e1 (UFPR)&nbsp;recebe inscri\u00e7\u00f5es para o&nbsp;Teste de Conhecimento em Gest\u00e3o da Informa\u00e7\u00e3o, que consiste na primeira etapa do&nbsp;processo&nbsp;seletivo&nbsp;para o curso de&nbsp;Mestrado. As inscri\u00e7\u00f5es para sele\u00e7\u00e3o do Mestrado ocorrem [&hellip;]<\/p>\n","protected":false},"author":18,"featured_media":0,"comment_status":"open","ping_status":"open","sticky":false,"template":"","format":"standard","meta":{"footnotes":""},"categories":[381,386],"tags":[],"class_list":["post-16416","post","type-post","status-publish","format-standard","hentry","category-editais-e-processos-seletivos","category-mestrado-e-doutorado"],"_links":{"self":[{"href":"https:\/\/ufpr.br\/propg\/wp-json\/wp\/v2\/posts\/16416","targetHints":{"allow":["GET"]}}],"collection":[{"href":"https:\/\/ufpr.br\/propg\/wp-json\/wp\/v2\/posts"}],"about":[{"href":"https:\/\/ufpr.br\/propg\/wp-json\/wp\/v2\/types\/post"}],"author":[{"embeddable":true,"href":"https:\/\/ufpr.br\/propg\/wp-json\/wp\/v2\/users\/18"}],"replies":[{"embeddable":true,"href":"https:\/\/ufpr.br\/propg\/wp-json\/wp\/v2\/comments?post=16416"}],"version-history":[{"count":11,"href":"https:\/\/ufpr.br\/propg\/wp-json\/wp\/v2\/posts\/16416\/revisions"}],"predecessor-version":[{"id":19218,"href":"https:\/\/ufpr.br\/propg\/wp-json\/wp\/v2\/posts\/16416\/revisions\/19218"}],"wp:attachment":[{"href":"https:\/\/ufpr.br\/propg\/wp-json\/wp\/v2\/media?parent=16416"}],"wp:term":[{"taxonomy":"category","embeddable":true,"href":"https:\/\/ufpr.br\/propg\/wp-json\/wp\/v2\/categories?post=16416"},{"taxonomy":"post_tag","embeddable":true,"href":"https:\/\/ufpr.br\/propg\/wp-json\/wp\/v2\/tags?post=16416"}],"curies":[{"name":"wp","href":"https:\/\/api.w.org\/{rel}","templated":true}]}}