{"id":16381,"date":"2023-08-25T09:57:41","date_gmt":"2023-08-25T12:57:41","guid":{"rendered":"https:\/\/ufpr.br\/processo-seletivo-mestrado-e-doutorado-em-musica-turmas-2024"},"modified":"2025-12-02T09:33:39","modified_gmt":"2025-12-02T12:33:39","slug":"processo-seletivo-mestrado-e-doutorado-em-musica-turmas-2024","status":"publish","type":"post","link":"https:\/\/ufpr.br\/propg\/processo-seletivo-mestrado-e-doutorado-em-musica-turmas-2024\/","title":{"rendered":"[Processo Seletivo] Mestrado e Doutorado em M\u00fasica &#8211; turmas 2024"},"content":{"rendered":"\n<div class=\"wp-block-columns is-layout-flex wp-container-core-columns-is-layout-9d6595d7 wp-block-columns-is-layout-flex\">\n<div class=\"wp-block-column is-layout-flow wp-block-column-is-layout-flow\" style=\"flex-basis:33.33%\">\n<figure class=\"wp-block-image size-full\"><a href=\"https:\/\/www.prppg.ufpr.br\/site\/ppgmusica\/\" target=\"_blank\" rel=\" noreferrer noopener\"><img decoding=\"async\" src=\"https:\/\/ufpr.br\/propg\/wp-content\/uploads\/2023\/08\/logo_musica.png\" alt=\"\" class=\"wp-image-36897\"\/><\/a><\/figure>\n<\/div>\n\n\n\n<div class=\"wp-block-column is-layout-flow wp-block-column-is-layout-flow\" style=\"flex-basis:66.66%\">\n<p>Est\u00e1 aberto o processo seletivo para mestrado e doutorado em M\u00fasica para in\u00edcio em\u00a02024.<br>As inscri\u00e7\u00f5es para o processo seletivo ser\u00e3o\u00a0realizadas de <strong>15\/08 a 15\/09\/2023.<\/strong><br><\/p>\n\n\n\n<p>Confira o edital e todas as informa\u00e7\u00f5es sobre o processo seletivo na p\u00e1gina do programa:\u00a0<a href=\"https:\/\/www.prppg.ufpr.br\/site\/ppgmusica\/\" target=\"_blank\" rel=\"noreferrer noopener\">https:\/\/www.prppg.ufpr.br\/site\/ppgmusica\/<\/a><\/p>\n<\/div>\n<\/div>\n","protected":false},"excerpt":{"rendered":"<p>Est\u00e1 aberto o processo seletivo para mestrado e doutorado em M\u00fasica para in\u00edcio em\u00a02024.As inscri\u00e7\u00f5es para o processo seletivo ser\u00e3o\u00a0realizadas de 15\/08 a 15\/09\/2023. Confira o edital e todas as informa\u00e7\u00f5es sobre o processo seletivo na p\u00e1gina do programa:\u00a0https:\/\/www.prppg.ufpr.br\/site\/ppgmusica\/<\/p>\n","protected":false},"author":18,"featured_media":0,"comment_status":"open","ping_status":"open","sticky":false,"template":"","format":"standard","meta":{"footnotes":""},"categories":[381,386],"tags":[],"class_list":["post-16381","post","type-post","status-publish","format-standard","hentry","category-editais-e-processos-seletivos","category-mestrado-e-doutorado"],"_links":{"self":[{"href":"https:\/\/ufpr.br\/propg\/wp-json\/wp\/v2\/posts\/16381","targetHints":{"allow":["GET"]}}],"collection":[{"href":"https:\/\/ufpr.br\/propg\/wp-json\/wp\/v2\/posts"}],"about":[{"href":"https:\/\/ufpr.br\/propg\/wp-json\/wp\/v2\/types\/post"}],"author":[{"embeddable":true,"href":"https:\/\/ufpr.br\/propg\/wp-json\/wp\/v2\/users\/18"}],"replies":[{"embeddable":true,"href":"https:\/\/ufpr.br\/propg\/wp-json\/wp\/v2\/comments?post=16381"}],"version-history":[{"count":5,"href":"https:\/\/ufpr.br\/propg\/wp-json\/wp\/v2\/posts\/16381\/revisions"}],"predecessor-version":[{"id":19204,"href":"https:\/\/ufpr.br\/propg\/wp-json\/wp\/v2\/posts\/16381\/revisions\/19204"}],"wp:attachment":[{"href":"https:\/\/ufpr.br\/propg\/wp-json\/wp\/v2\/media?parent=16381"}],"wp:term":[{"taxonomy":"category","embeddable":true,"href":"https:\/\/ufpr.br\/propg\/wp-json\/wp\/v2\/categories?post=16381"},{"taxonomy":"post_tag","embeddable":true,"href":"https:\/\/ufpr.br\/propg\/wp-json\/wp\/v2\/tags?post=16381"}],"curies":[{"name":"wp","href":"https:\/\/api.w.org\/{rel}","templated":true}]}}