{"id":16380,"date":"2023-08-11T15:48:26","date_gmt":"2023-08-11T18:48:26","guid":{"rendered":"https:\/\/ufpr.br\/processo-seletivo-do-programa-de-pos-graduacao-em-administracao-ppgadm-ufpr-para-mestrado-e-doutorado-turmas-2024"},"modified":"2025-12-02T09:34:03","modified_gmt":"2025-12-02T12:34:03","slug":"processo-seletivo-do-programa-de-pos-graduacao-em-administracao-ppgadm-ufpr-para-mestrado-e-doutorado-turmas-2024","status":"publish","type":"post","link":"https:\/\/ufpr.br\/propg\/processo-seletivo-do-programa-de-pos-graduacao-em-administracao-ppgadm-ufpr-para-mestrado-e-doutorado-turmas-2024\/","title":{"rendered":"Processo Seletivo do Programa de P\u00f3s-gradua\u00e7\u00e3o em Administra\u00e7\u00e3o (PPGADM\/UFPR) para Mestrado e Doutorado \u2013 Turmas 2024"},"content":{"rendered":"\n<div class=\"wp-block-columns is-layout-flex wp-container-core-columns-is-layout-9d6595d7 wp-block-columns-is-layout-flex\">\n<div class=\"wp-block-column is-layout-flow wp-block-column-is-layout-flow\" style=\"flex-basis:40%\">\n<figure class=\"wp-block-image size-full\"><img decoding=\"async\" src=\"https:\/\/ufpr.br\/propg\/wp-content\/uploads\/2023\/08\/cartaz-de-divulgacao.jpeg\" alt=\"\" class=\"wp-image-36877\"\/><\/figure>\n<\/div>\n\n\n\n<div class=\"wp-block-column is-layout-flow wp-block-column-is-layout-flow\" style=\"flex-basis:60%\">\n<p><strong>Processo Seletivo do Programa de P\u00f3s-gradua\u00e7\u00e3o em Administra\u00e7\u00e3o (PPGADM\/UFPR) para Mestrado e Doutorado \u2013 Turmas 2024<\/strong><\/p>\n\n\n\n<p>Inscri\u00e7\u00f5es at\u00e9 31 de outubro de 2023<\/p>\n\n\n\n<p>O PPGADM\/UFPR divulga o Edital n.\u00ba 22\/2023 do&nbsp;Processo&nbsp;Seletivo&nbsp;\u2013 Mestrado em Administra\u00e7\u00e3o e o Edital n.\u00ba 23\/2023 do&nbsp;Processo&nbsp;Seletivo&nbsp;\u2013 Doutorado em Administra\u00e7\u00e3o, ambos para ingresso em 2024.<\/p>\n\n\n\n<p>Mais informa\u00e7\u00f5es est\u00e3o dispon\u00edveis na p\u00e1gina do Programa,&nbsp;pelos links:<\/p>\n\n\n\n<p><strong>Mestrado<\/strong>:&nbsp;<a href=\"https:\/\/www.prppg.ufpr.br\/site\/ppgadm\/pb\/processo-seletivo-2\/editais-mestrado\/\" target=\"_blank\" rel=\"noreferrer noopener\">https:\/\/www.prppg.ufpr.br\/site\/ppgadm\/pb\/processo-seletivo-2\/editais-mestrado\/<\/a><\/p>\n\n\n\n<p><strong>Doutorado:&nbsp;<\/strong><a href=\"https:\/\/www.prppg.ufpr.br\/site\/ppgadm\/pb\/processo-seletivo-2\/editais-doutorado\/\" target=\"_blank\" rel=\"noreferrer noopener\">https:\/\/www.prppg.ufpr.br\/site\/ppgadm\/pb\/processo-seletivo-2\/editais-doutorado\/<\/a><\/p>\n<\/div>\n<\/div>\n","protected":false},"excerpt":{"rendered":"<p>Processo Seletivo do Programa de P\u00f3s-gradua\u00e7\u00e3o em Administra\u00e7\u00e3o (PPGADM\/UFPR) para Mestrado e Doutorado \u2013 Turmas 2024 Inscri\u00e7\u00f5es at\u00e9 31 de outubro de 2023 O PPGADM\/UFPR divulga o Edital n.\u00ba 22\/2023 do&nbsp;Processo&nbsp;Seletivo&nbsp;\u2013 Mestrado em Administra\u00e7\u00e3o e o Edital n.\u00ba 23\/2023 do&nbsp;Processo&nbsp;Seletivo&nbsp;\u2013 Doutorado em Administra\u00e7\u00e3o, ambos para ingresso em 2024. Mais informa\u00e7\u00f5es est\u00e3o dispon\u00edveis na p\u00e1gina do [&hellip;]<\/p>\n","protected":false},"author":18,"featured_media":0,"comment_status":"open","ping_status":"open","sticky":false,"template":"","format":"standard","meta":{"footnotes":""},"categories":[381,386],"tags":[],"class_list":["post-16380","post","type-post","status-publish","format-standard","hentry","category-editais-e-processos-seletivos","category-mestrado-e-doutorado"],"_links":{"self":[{"href":"https:\/\/ufpr.br\/propg\/wp-json\/wp\/v2\/posts\/16380","targetHints":{"allow":["GET"]}}],"collection":[{"href":"https:\/\/ufpr.br\/propg\/wp-json\/wp\/v2\/posts"}],"about":[{"href":"https:\/\/ufpr.br\/propg\/wp-json\/wp\/v2\/types\/post"}],"author":[{"embeddable":true,"href":"https:\/\/ufpr.br\/propg\/wp-json\/wp\/v2\/users\/18"}],"replies":[{"embeddable":true,"href":"https:\/\/ufpr.br\/propg\/wp-json\/wp\/v2\/comments?post=16380"}],"version-history":[{"count":4,"href":"https:\/\/ufpr.br\/propg\/wp-json\/wp\/v2\/posts\/16380\/revisions"}],"predecessor-version":[{"id":19209,"href":"https:\/\/ufpr.br\/propg\/wp-json\/wp\/v2\/posts\/16380\/revisions\/19209"}],"wp:attachment":[{"href":"https:\/\/ufpr.br\/propg\/wp-json\/wp\/v2\/media?parent=16380"}],"wp:term":[{"taxonomy":"category","embeddable":true,"href":"https:\/\/ufpr.br\/propg\/wp-json\/wp\/v2\/categories?post=16380"},{"taxonomy":"post_tag","embeddable":true,"href":"https:\/\/ufpr.br\/propg\/wp-json\/wp\/v2\/tags?post=16380"}],"curies":[{"name":"wp","href":"https:\/\/api.w.org\/{rel}","templated":true}]}}