{"id":16366,"date":"2024-01-25T13:45:32","date_gmt":"2024-01-25T16:45:32","guid":{"rendered":"https:\/\/ufpr.br\/processo-seletivo-programa-de-mestrado-profissional-em-meio-ambiente-urbano-e-industrial-ppgmaui"},"modified":"2025-12-02T10:07:29","modified_gmt":"2025-12-02T13:07:29","slug":"processo-seletivo-programa-de-mestrado-profissional-em-meio-ambiente-urbano-e-industrial-ppgmaui","status":"publish","type":"post","link":"https:\/\/ufpr.br\/propg\/processo-seletivo-programa-de-mestrado-profissional-em-meio-ambiente-urbano-e-industrial-ppgmaui\/","title":{"rendered":"[Processo Seletivo] Programa de Mestrado Profissional em Meio Ambiente Urbano e Industrial &#8211; PPGMAUI."},"content":{"rendered":"\n<div class=\"wp-block-columns is-layout-flex wp-container-core-columns-is-layout-9d6595d7 wp-block-columns-is-layout-flex\">\n<div class=\"wp-block-column is-layout-flow wp-block-column-is-layout-flow\" style=\"flex-basis:50%\">\n<figure class=\"wp-block-image size-large\"><img decoding=\"async\" src=\"https:\/\/ufpr.br\/propg\/wp-content\/uploads\/2024\/01\/19385_photo_2023_12_15_11_33_50-576x1024.jpg\" alt=\"\" class=\"wp-image-37598\"\/><\/figure>\n<\/div>\n\n\n\n<div class=\"wp-block-column is-layout-flow wp-block-column-is-layout-flow\" style=\"flex-basis:50%\">\n<p>Est\u00e3o abertas as inscri\u00e7\u00f5es para o Processo Seletivo do Programa de Mestrado Profissional em Meio Ambiente Urbano e Industrial &#8211; PPGMAUI.<\/p>\n\n\n\n<p>Inscri\u00e7\u00f5es abertas at\u00e9 07\/03\/2024<\/p>\n\n\n\n<p>Mais informa\u00e7\u00f5es e link para inscri\u00e7\u00f5es em: <a href=\"https:\/\/www.prppg.ufpr.br\/site\/ppgmaui\/pb\/processo-seletivo-2\/edital-selecao_2024\/\" target=\"_blank\" rel=\"noreferrer noopener\">https:\/\/www.prppg.ufpr.br\/site\/ppgmaui\/pb\/processo-seletivo-2\/edital-selecao_2024\/<\/a><\/p>\n<\/div>\n<\/div>\n","protected":false},"excerpt":{"rendered":"<p>Est\u00e3o abertas as inscri\u00e7\u00f5es para o Processo Seletivo do Programa de Mestrado Profissional em Meio Ambiente Urbano e Industrial &#8211; PPGMAUI. Inscri\u00e7\u00f5es abertas at\u00e9 07\/03\/2024 Mais informa\u00e7\u00f5es e link para inscri\u00e7\u00f5es em: https:\/\/www.prppg.ufpr.br\/site\/ppgmaui\/pb\/processo-seletivo-2\/edital-selecao_2024\/<\/p>\n","protected":false},"author":18,"featured_media":0,"comment_status":"open","ping_status":"open","sticky":false,"template":"","format":"standard","meta":{"footnotes":""},"categories":[381,386],"tags":[],"class_list":["post-16366","post","type-post","status-publish","format-standard","hentry","category-editais-e-processos-seletivos","category-mestrado-e-doutorado"],"_links":{"self":[{"href":"https:\/\/ufpr.br\/propg\/wp-json\/wp\/v2\/posts\/16366","targetHints":{"allow":["GET"]}}],"collection":[{"href":"https:\/\/ufpr.br\/propg\/wp-json\/wp\/v2\/posts"}],"about":[{"href":"https:\/\/ufpr.br\/propg\/wp-json\/wp\/v2\/types\/post"}],"author":[{"embeddable":true,"href":"https:\/\/ufpr.br\/propg\/wp-json\/wp\/v2\/users\/18"}],"replies":[{"embeddable":true,"href":"https:\/\/ufpr.br\/propg\/wp-json\/wp\/v2\/comments?post=16366"}],"version-history":[{"count":4,"href":"https:\/\/ufpr.br\/propg\/wp-json\/wp\/v2\/posts\/16366\/revisions"}],"predecessor-version":[{"id":19265,"href":"https:\/\/ufpr.br\/propg\/wp-json\/wp\/v2\/posts\/16366\/revisions\/19265"}],"wp:attachment":[{"href":"https:\/\/ufpr.br\/propg\/wp-json\/wp\/v2\/media?parent=16366"}],"wp:term":[{"taxonomy":"category","embeddable":true,"href":"https:\/\/ufpr.br\/propg\/wp-json\/wp\/v2\/categories?post=16366"},{"taxonomy":"post_tag","embeddable":true,"href":"https:\/\/ufpr.br\/propg\/wp-json\/wp\/v2\/tags?post=16366"}],"curies":[{"name":"wp","href":"https:\/\/api.w.org\/{rel}","templated":true}]}}