{"id":16332,"date":"2023-07-25T11:48:04","date_gmt":"2023-07-25T14:48:04","guid":{"rendered":"https:\/\/ufpr.br\/processo-seletivo-mestrado-e-doutorado-em-engenharia-de-alimentos-2"},"modified":"2025-12-02T09:31:36","modified_gmt":"2025-12-02T12:31:36","slug":"processo-seletivo-mestrado-e-doutorado-em-engenharia-de-alimentos-2","status":"publish","type":"post","link":"https:\/\/ufpr.br\/propg\/processo-seletivo-mestrado-e-doutorado-em-engenharia-de-alimentos-2\/","title":{"rendered":"[Processo Seletivo] Mestrado e Doutorado em Engenharia de Alimentos"},"content":{"rendered":"\n<div class=\"wp-block-columns is-layout-flex wp-container-core-columns-is-layout-9d6595d7 wp-block-columns-is-layout-flex\">\n<div class=\"wp-block-column is-layout-flow wp-block-column-is-layout-flow\" style=\"flex-basis:50%\"><div class=\"wp-block-image\">\n<figure class=\"aligncenter size-large is-resized\"><a href=\"https:\/\/www.prppg.ufpr.br\/site\/posalim\" target=\"_blank\" rel=\" noreferrer noopener\"><img decoding=\"async\" src=\"https:\/\/ufpr.br\/propg\/wp-content\/uploads\/2023\/07\/processo-seletivo-eng-alimentos-1152x1536-1-768x1024.jpeg\" alt=\"\" class=\"wp-image-36770\" style=\"width:500px\"\/><\/a><\/figure><\/div><\/div>\n\n\n\n<div class=\"wp-block-column is-layout-flow wp-block-column-is-layout-flow\" style=\"flex-basis:50%\">\n<p>Est\u00e1 aberto o processo seletivo para mestrado e doutorado em Engenharia de Alimentos.As inscri\u00e7\u00f5es para o processo seletivo estar\u00e3o abertas at\u00e9 o dia 06\/08\/2023.<\/p>\n\n\n\n<p>Confira o edital e todas as informa\u00e7\u00f5es sobre o processo seletivo na <a href=\"https:\/\/www.prppg.ufpr.br\/site\/posalim\" target=\"_blank\" rel=\"noreferrer noopener\">p\u00e1gina do programa<\/a>: <a href=\"https:\/\/www.prppg.ufpr.br\/site\/posalim\">https:\/\/www.prppg.ufpr.br\/site\/posalim<\/a><\/p>\n<\/div>\n<\/div>\n\n\n\n<p><\/p>\n\n\n\n<p>&nbsp;<\/p>\n","protected":false},"excerpt":{"rendered":"<p>Est\u00e1 aberto o processo seletivo para mestrado e doutorado em Engenharia de Alimentos.As inscri\u00e7\u00f5es para o processo seletivo estar\u00e3o abertas at\u00e9 o dia 06\/08\/2023. Confira o edital e todas as informa\u00e7\u00f5es sobre o processo seletivo na p\u00e1gina do programa: https:\/\/www.prppg.ufpr.br\/site\/posalim &nbsp;<\/p>\n","protected":false},"author":16,"featured_media":0,"comment_status":"open","ping_status":"open","sticky":false,"template":"","format":"standard","meta":{"footnotes":""},"categories":[381,386],"tags":[],"class_list":["post-16332","post","type-post","status-publish","format-standard","hentry","category-editais-e-processos-seletivos","category-mestrado-e-doutorado"],"_links":{"self":[{"href":"https:\/\/ufpr.br\/propg\/wp-json\/wp\/v2\/posts\/16332","targetHints":{"allow":["GET"]}}],"collection":[{"href":"https:\/\/ufpr.br\/propg\/wp-json\/wp\/v2\/posts"}],"about":[{"href":"https:\/\/ufpr.br\/propg\/wp-json\/wp\/v2\/types\/post"}],"author":[{"embeddable":true,"href":"https:\/\/ufpr.br\/propg\/wp-json\/wp\/v2\/users\/16"}],"replies":[{"embeddable":true,"href":"https:\/\/ufpr.br\/propg\/wp-json\/wp\/v2\/comments?post=16332"}],"version-history":[{"count":10,"href":"https:\/\/ufpr.br\/propg\/wp-json\/wp\/v2\/posts\/16332\/revisions"}],"predecessor-version":[{"id":19194,"href":"https:\/\/ufpr.br\/propg\/wp-json\/wp\/v2\/posts\/16332\/revisions\/19194"}],"wp:attachment":[{"href":"https:\/\/ufpr.br\/propg\/wp-json\/wp\/v2\/media?parent=16332"}],"wp:term":[{"taxonomy":"category","embeddable":true,"href":"https:\/\/ufpr.br\/propg\/wp-json\/wp\/v2\/categories?post=16332"},{"taxonomy":"post_tag","embeddable":true,"href":"https:\/\/ufpr.br\/propg\/wp-json\/wp\/v2\/tags?post=16332"}],"curies":[{"name":"wp","href":"https:\/\/api.w.org\/{rel}","templated":true}]}}