{"id":16331,"date":"2023-07-13T16:34:13","date_gmt":"2023-07-13T19:34:13","guid":{"rendered":"https:\/\/ufpr.br\/processo-seleletivo-mestrado-e-doutorado-em-psicologia"},"modified":"2025-12-02T09:31:47","modified_gmt":"2025-12-02T12:31:47","slug":"processo-seleletivo-mestrado-e-doutorado-em-psicologia","status":"publish","type":"post","link":"https:\/\/ufpr.br\/propg\/processo-seleletivo-mestrado-e-doutorado-em-psicologia\/","title":{"rendered":"[Processo Seleletivo] Mestrado e Doutorado em Psicologia"},"content":{"rendered":"\n<div class=\"wp-block-columns is-layout-flex wp-container-core-columns-is-layout-9d6595d7 wp-block-columns-is-layout-flex\">\n<div class=\"wp-block-column is-layout-flow wp-block-column-is-layout-flow\" style=\"flex-basis:66.66%\">\n<figure class=\"wp-block-image size-large\"><a href=\"https:\/\/www.prppg.ufpr.br\/site\/ppgpsicologia\/pb\/processo-seletivo-2024-mestrado-e-doutorado\/\" target=\"_blank\" rel=\" noreferrer noopener\"><img decoding=\"async\" src=\"https:\/\/ufpr.br\/propg\/wp-content\/uploads\/2023\/07\/selecao-2024-724x1024.jpg\" alt=\"\" class=\"wp-image-36750\"\/><\/a><\/figure>\n<\/div>\n\n\n\n<div class=\"wp-block-column is-layout-flow wp-block-column-is-layout-flow\" style=\"flex-basis:33.33%\">\n<p>Est\u00e3o abertas, at\u00e9 o dia 31 de julho de 2023, as inscri\u00e7\u00f5es para o processo seletivo do Programa de P\u00f3s-Gradua\u00e7\u00e3o em Psicologia (PPGPSI) da UFPR, para ingresso no primeiro semestre de 2024.<\/p>\n\n\n\n<p>O PPGPSI tem como objetivo geral formar o aluno para a pesquisa e para o ensino em Psicologia, partindo de uma reflex\u00e3o cr\u00edtica do saber cient\u00edfico em Psicologia, considerando sua multiplicidade de objetos e abordagens te\u00f3ricas e metodol\u00f3gicas.<\/p>\n\n\n\n<p>O Programa \u00e9 sustentado na configura\u00e7\u00e3o de um corpo docente destacado por sua forma\u00e7\u00e3o te\u00f3rica diversificada, interessado em campos de pesquisas distintos que abarcam planos epistemol\u00f3gicos e metodol\u00f3gicos m\u00faltiplos, o curso apresenta uma \u00c1rea de Concentra\u00e7\u00e3o \u2013 PSICOLOGIA \u2013 que se desdobra em quatro linhas de pesquisa e um projeto isolado:<\/p>\n\n\n\n<ul class=\"wp-block-list\">\n<li>An\u00e1lise do Comportamento<\/li>\n<\/ul>\n\n\n\n<ul class=\"wp-block-list\">\n<li>Avalia\u00e7\u00e3o e Reabilita\u00e7\u00e3o Neuropsicol\u00f3gica<\/li>\n<\/ul>\n\n\n\n<ul class=\"wp-block-list\">\n<li>Educa\u00e7\u00e3o, Trabalho e Subjetividade<\/li>\n<\/ul>\n\n\n\n<ul class=\"wp-block-list\">\n<li>Psicologia Cl\u00ednica<\/li>\n<\/ul>\n\n\n\n<ul class=\"wp-block-list\">\n<li>Psicologia do Tr\u00e2nsito: Avalia\u00e7\u00e3o e Preven\u00e7\u00e3o<\/li>\n<\/ul>\n\n\n\n<h2 class=\"wp-block-heading\">Mais informa\u00e7\u00f5es na p\u00e1gina:<\/h2>\n\n\n\n<p>\u00a0<a data-saferedirecturl=\"https:\/\/www.google.com\/url?q=https:\/\/www.prppg.ufpr.br\/site\/ppgpsicologia\/pb\/processo-seletivo-2024-mestrado-e-doutorado\/&amp;source=gmail&amp;ust=1689362220264000&amp;usg=AOvVaw3jOvZ2hhwiXHVrxePLwmdC\" href=\"https:\/\/www.prppg.ufpr.br\/site\/ppgpsicologia\/pb\/processo-seletivo-2024-mestrado-e-doutorado\/\" target=\"_blank\" rel=\"noopener noreferrer\">https:\/\/www.prppg.ufpr.br\/site\/ppgpsicologia\/pb\/processo-seletivo-2024-mestrado-e-doutorado\/<\/a><\/p>\n<\/div>\n<\/div>\n\n\n\n<p><\/p>\n","protected":false},"excerpt":{"rendered":"<p>Est\u00e3o abertas, at\u00e9 o dia 31 de julho de 2023, as inscri\u00e7\u00f5es para o processo seletivo do Programa de P\u00f3s-Gradua\u00e7\u00e3o em Psicologia (PPGPSI) da UFPR, para ingresso no primeiro semestre de 2024. O PPGPSI tem como objetivo geral formar o aluno para a pesquisa e para o ensino em Psicologia, partindo de uma reflex\u00e3o cr\u00edtica [&hellip;]<\/p>\n","protected":false},"author":18,"featured_media":0,"comment_status":"open","ping_status":"open","sticky":false,"template":"","format":"standard","meta":{"footnotes":""},"categories":[381,386],"tags":[],"class_list":["post-16331","post","type-post","status-publish","format-standard","hentry","category-editais-e-processos-seletivos","category-mestrado-e-doutorado"],"_links":{"self":[{"href":"https:\/\/ufpr.br\/propg\/wp-json\/wp\/v2\/posts\/16331","targetHints":{"allow":["GET"]}}],"collection":[{"href":"https:\/\/ufpr.br\/propg\/wp-json\/wp\/v2\/posts"}],"about":[{"href":"https:\/\/ufpr.br\/propg\/wp-json\/wp\/v2\/types\/post"}],"author":[{"embeddable":true,"href":"https:\/\/ufpr.br\/propg\/wp-json\/wp\/v2\/users\/18"}],"replies":[{"embeddable":true,"href":"https:\/\/ufpr.br\/propg\/wp-json\/wp\/v2\/comments?post=16331"}],"version-history":[{"count":7,"href":"https:\/\/ufpr.br\/propg\/wp-json\/wp\/v2\/posts\/16331\/revisions"}],"predecessor-version":[{"id":19197,"href":"https:\/\/ufpr.br\/propg\/wp-json\/wp\/v2\/posts\/16331\/revisions\/19197"}],"wp:attachment":[{"href":"https:\/\/ufpr.br\/propg\/wp-json\/wp\/v2\/media?parent=16331"}],"wp:term":[{"taxonomy":"category","embeddable":true,"href":"https:\/\/ufpr.br\/propg\/wp-json\/wp\/v2\/categories?post=16331"},{"taxonomy":"post_tag","embeddable":true,"href":"https:\/\/ufpr.br\/propg\/wp-json\/wp\/v2\/tags?post=16331"}],"curies":[{"name":"wp","href":"https:\/\/api.w.org\/{rel}","templated":true}]}}