{"id":16303,"date":"2024-01-16T10:20:01","date_gmt":"2024-01-16T13:20:01","guid":{"rendered":"https:\/\/ufpr.br\/capes-participe-da-consulta-publica-para-plano-de-pos-graduacao"},"modified":"2025-12-02T10:08:08","modified_gmt":"2025-12-02T13:08:08","slug":"capes-participe-da-consulta-publica-para-plano-de-pos-graduacao","status":"publish","type":"post","link":"https:\/\/ufpr.br\/propg\/capes-participe-da-consulta-publica-para-plano-de-pos-graduacao\/","title":{"rendered":"[CAPES] Participe da consulta p\u00fablica para o Plano de P\u00f3s-Gradua\u00e7\u00e3o"},"content":{"rendered":"\n<div class=\"wp-block-columns is-layout-flex wp-container-core-columns-is-layout-9d6595d7 wp-block-columns-is-layout-flex\">\n<div class=\"wp-block-column is-layout-flow wp-block-column-is-layout-flow\" style=\"flex-basis:40%\">\n<figure class=\"wp-block-image size-full\"><a href=\"https:\/\/www.gov.br\/participamaisbrasil\/consultas-publicas\" target=\"_blank\" rel=\" noreferrer noopener\"><img decoding=\"async\" src=\"https:\/\/ufpr.br\/propg\/wp-content\/uploads\/2024\/01\/pnpg2.jpg\" alt=\"\" class=\"wp-image-37518\"\/><\/a><\/figure>\n<\/div>\n\n\n\n<div class=\"wp-block-column is-layout-flow wp-block-column-is-layout-flow\" style=\"flex-basis:60%\">\n<p>Participe da consulta p\u00fablica para o Plano de P\u00f3s-Gradua\u00e7\u00e3o!<\/p>\n\n\n\n<p>Pela primeira vez na hist\u00f3ria da CAPES, o Plano Nacional de P\u00f3s-Gradua\u00e7\u00e3o est\u00e1 sendo elaborado com a participa\u00e7\u00e3o da sociedade.&nbsp;As contribui\u00e7\u00f5es podem ser feitas na plataforma&nbsp;<a href=\"https:\/\/www.gov.br\/participamaisbrasil\/consultas-publicas\">Participa + Brasil<\/a>, do governo federal.&nbsp; A data limite \u00e9<strong> 25 de janeiro<\/strong>.<\/p>\n\n\n\n<h2 class=\"wp-block-heading\">SERVI\u00c7O:<\/h2>\n\n\n\n<p>CONSULTA P\u00daBLICA DO PNPG<\/p>\n\n\n\n<p>Data: 20 de dezembro a 25 de janeiro<\/p>\n\n\n\n<p>Pela plataforma Participa + Brasil.&nbsp;<a href=\"https:\/\/www.gov.br\/participamaisbrasil\/consultas-publicas\">https:\/\/www.gov.br\/participamaisbrasil\/consultas-publicas<\/a><\/p>\n\n\n\n<p><a class=\"internal-link\" title=\"\" data-tippreview-image=\"\" data-tippreview-title=\"\" data-tippreview-enabled=\"false\" href=\"https:\/\/www.gov.br\/capes\/pt-br\/centrais-de-conteudo\/documentos\/19122023_pnpg_2024_2028.pdf\" target=\"_blank\" rel=\"noopener\">Acesse aqui o documento com a vers\u00e3o preliminar do PNPG.<\/a> <\/p>\n\n\n\n<p><a class=\"internal-link\" data-tippreview-image=\"\" data-tippreview-title=\"\" data-tippreview-enabled=\"true\" data-tippy=\"\" href=\"https:\/\/www.gov.br\/capes\/pt-br\/centrais-de-conteudo\/documentos\/21122023_Publicacao_no_DOU_2296688_AVISO_DE_CONSULTA_PUBLICA___AVISO_DE_CONSULTA_PUBLICA___DOU___Imprensa_Nacional.pdf\" target=\"_blank\" rel=\"noopener\">Aviso de Consulta P\u00fablica &#8211; Plano Nacional de P\u00f3s-Gradua\u00e7\u00e3o &#8211; PNPG &#8211; 2024-2028<\/a><\/p>\n\n\n\n<hr class=\"wp-block-separator has-text-color has-cyan-bluish-gray-color has-alpha-channel-opacity has-cyan-bluish-gray-background-color has-background is-style-wide\"\/>\n\n\n\n<p>Fonte: <a href=\"https:\/\/www.gov.br\/capes\/pt-br\/assuntos\/noticias\/capes-abre-consulta-publica-para-plano-de-pos-graduacao\">https:\/\/www.gov.br\/capes\/pt-br\/assuntos\/noticias\/capes-abre-consulta-publica-para-plano-de-pos-graduacao<\/a><\/p>\n<\/div>\n<\/div>\n\n\n\n<p><\/p>\n","protected":false},"excerpt":{"rendered":"<p>Participe da consulta p\u00fablica para o Plano de P\u00f3s-Gradua\u00e7\u00e3o! Pela primeira vez na hist\u00f3ria da CAPES, o Plano Nacional de P\u00f3s-Gradua\u00e7\u00e3o est\u00e1 sendo elaborado com a participa\u00e7\u00e3o da sociedade.&nbsp;As contribui\u00e7\u00f5es podem ser feitas na plataforma&nbsp;Participa + Brasil, do governo federal.&nbsp; A data limite \u00e9 25 de janeiro. SERVI\u00c7O: CONSULTA P\u00daBLICA DO PNPG Data: 20 de [&hellip;]<\/p>\n","protected":false},"author":16,"featured_media":0,"comment_status":"open","ping_status":"open","sticky":false,"template":"","format":"standard","meta":{"footnotes":""},"categories":[386],"tags":[],"class_list":["post-16303","post","type-post","status-publish","format-standard","hentry","category-mestrado-e-doutorado"],"_links":{"self":[{"href":"https:\/\/ufpr.br\/propg\/wp-json\/wp\/v2\/posts\/16303","targetHints":{"allow":["GET"]}}],"collection":[{"href":"https:\/\/ufpr.br\/propg\/wp-json\/wp\/v2\/posts"}],"about":[{"href":"https:\/\/ufpr.br\/propg\/wp-json\/wp\/v2\/types\/post"}],"author":[{"embeddable":true,"href":"https:\/\/ufpr.br\/propg\/wp-json\/wp\/v2\/users\/16"}],"replies":[{"embeddable":true,"href":"https:\/\/ufpr.br\/propg\/wp-json\/wp\/v2\/comments?post=16303"}],"version-history":[{"count":8,"href":"https:\/\/ufpr.br\/propg\/wp-json\/wp\/v2\/posts\/16303\/revisions"}],"predecessor-version":[{"id":19272,"href":"https:\/\/ufpr.br\/propg\/wp-json\/wp\/v2\/posts\/16303\/revisions\/19272"}],"wp:attachment":[{"href":"https:\/\/ufpr.br\/propg\/wp-json\/wp\/v2\/media?parent=16303"}],"wp:term":[{"taxonomy":"category","embeddable":true,"href":"https:\/\/ufpr.br\/propg\/wp-json\/wp\/v2\/categories?post=16303"},{"taxonomy":"post_tag","embeddable":true,"href":"https:\/\/ufpr.br\/propg\/wp-json\/wp\/v2\/tags?post=16303"}],"curies":[{"name":"wp","href":"https:\/\/api.w.org\/{rel}","templated":true}]}}