{"id":16298,"date":"2024-01-12T10:28:44","date_gmt":"2024-01-12T13:28:44","guid":{"rendered":"https:\/\/ufpr.br\/processo-seletivo-mestrado-em-sistemas-costeiros-e-oceanicos"},"modified":"2025-12-02T10:08:23","modified_gmt":"2025-12-02T13:08:23","slug":"processo-seletivo-mestrado-em-sistemas-costeiros-e-oceanicos","status":"publish","type":"post","link":"https:\/\/ufpr.br\/propg\/processo-seletivo-mestrado-em-sistemas-costeiros-e-oceanicos\/","title":{"rendered":"[Processo Seletivo] Mestrado em Sistemas Costeiros e Oce\u00e2nicos"},"content":{"rendered":"\n<p>A Coordena\u00e7\u00e3o do Programa de P\u00f3s-Gradua\u00e7\u00e3o em Sistemas Costeiros e Oce\u00e2nicos (PGSISCO) comunica que esta aberto o EDITAL 001\/2024 de processo seletivo para o n\u00edvel de <a id=\"m_3494553466282408575OWA5fb669c8-bcc8-d3c0-cb0e-2b5cfa0ed565\" href=\"https:\/\/www.prppg.ufpr.br\/site\/ppgsisco\/wp-content\/uploads\/sites\/203\/2024\/01\/edital-01-2024-mestrado-pgsisco.pdf\" target=\"_blank\" rel=\"noopener\" data-saferedirecturl=\"https:\/\/www.google.com\/url?q=https:\/\/www.prppg.ufpr.br\/site\/ppgsisco\/wp-content\/uploads\/sites\/203\/2024\/01\/edital-01-2024-mestrado-pgsisco.pdf&amp;source=gmail&amp;ust=1705152422712000&amp;usg=AOvVaw3YrQoaCTGycdxh9eDLARMy\">MESTRADO<\/a><\/p>\n\n\n\n<p>O per\u00edodo de inscri\u00e7\u00e3o ser\u00e1 de 15 de janeiro a 15 de fevereiro de 2024 diretamente no site da&nbsp;<a id=\"m_3494553466282408575OWA2e066277-1126-7a8f-5792-9c49bfe1ac4c\" href=\"https:\/\/www.prppg.ufpr.br\/site\/ppgsisco\/pb\/\" target=\"_blank\" rel=\"noopener\" data-saferedirecturl=\"https:\/\/www.google.com\/url?q=https:\/\/www.prppg.ufpr.br\/site\/ppgsisco\/pb\/&amp;source=gmail&amp;ust=1705152422712000&amp;usg=AOvVaw15cluIsJbBJm6l5atTao2W\">PGSISCO<\/a><\/p>\n\n\n\n<p>Mais informa\u00e7\u00f5es no&nbsp;<a id=\"m_3494553466282408575OWA840ad1a9-1658-daa6-c767-f06fb754f7df\" href=\"https:\/\/www.prppg.ufpr.br\/site\/ppgsisco\/wp-content\/uploads\/sites\/203\/2024\/01\/edital-01-2024-mestrado-pgsisco.pdf\" target=\"_blank\" rel=\"noopener\" data-saferedirecturl=\"https:\/\/www.google.com\/url?q=https:\/\/www.prppg.ufpr.br\/site\/ppgsisco\/wp-content\/uploads\/sites\/203\/2024\/01\/edital-01-2024-mestrado-pgsisco.pdf&amp;source=gmail&amp;ust=1705152422712000&amp;usg=AOvVaw3YrQoaCTGycdxh9eDLARMy\">edital<\/a>.<\/p>\n\n\n\n<p><\/p>\n","protected":false},"excerpt":{"rendered":"<p>A Coordena\u00e7\u00e3o do Programa de P\u00f3s-Gradua\u00e7\u00e3o em Sistemas Costeiros e Oce\u00e2nicos (PGSISCO) comunica que esta aberto o EDITAL 001\/2024 de processo seletivo para o n\u00edvel de MESTRADO O per\u00edodo de inscri\u00e7\u00e3o ser\u00e1 de 15 de janeiro a 15 de fevereiro de 2024 diretamente no site da&nbsp;PGSISCO Mais informa\u00e7\u00f5es no&nbsp;edital.<\/p>\n","protected":false},"author":16,"featured_media":0,"comment_status":"open","ping_status":"open","sticky":false,"template":"","format":"standard","meta":{"footnotes":""},"categories":[381,386],"tags":[],"class_list":["post-16298","post","type-post","status-publish","format-standard","hentry","category-editais-e-processos-seletivos","category-mestrado-e-doutorado"],"_links":{"self":[{"href":"https:\/\/ufpr.br\/propg\/wp-json\/wp\/v2\/posts\/16298","targetHints":{"allow":["GET"]}}],"collection":[{"href":"https:\/\/ufpr.br\/propg\/wp-json\/wp\/v2\/posts"}],"about":[{"href":"https:\/\/ufpr.br\/propg\/wp-json\/wp\/v2\/types\/post"}],"author":[{"embeddable":true,"href":"https:\/\/ufpr.br\/propg\/wp-json\/wp\/v2\/users\/16"}],"replies":[{"embeddable":true,"href":"https:\/\/ufpr.br\/propg\/wp-json\/wp\/v2\/comments?post=16298"}],"version-history":[{"count":3,"href":"https:\/\/ufpr.br\/propg\/wp-json\/wp\/v2\/posts\/16298\/revisions"}],"predecessor-version":[{"id":19277,"href":"https:\/\/ufpr.br\/propg\/wp-json\/wp\/v2\/posts\/16298\/revisions\/19277"}],"wp:attachment":[{"href":"https:\/\/ufpr.br\/propg\/wp-json\/wp\/v2\/media?parent=16298"}],"wp:term":[{"taxonomy":"category","embeddable":true,"href":"https:\/\/ufpr.br\/propg\/wp-json\/wp\/v2\/categories?post=16298"},{"taxonomy":"post_tag","embeddable":true,"href":"https:\/\/ufpr.br\/propg\/wp-json\/wp\/v2\/tags?post=16298"}],"curies":[{"name":"wp","href":"https:\/\/api.w.org\/{rel}","templated":true}]}}