{"id":16266,"date":"2024-01-02T15:04:39","date_gmt":"2024-01-02T18:04:39","guid":{"rendered":"https:\/\/ufpr.br\/tutorial-troca-ano-base"},"modified":"2025-12-02T10:08:33","modified_gmt":"2025-12-02T13:08:33","slug":"tutorial-troca-ano-base","status":"publish","type":"post","link":"https:\/\/ufpr.br\/propg\/tutorial-troca-ano-base\/","title":{"rendered":"[Tutorial] Mudan\u00e7a de ano base no SIGA"},"content":{"rendered":"\n<div class=\"wp-block-columns is-layout-flex wp-container-core-columns-is-layout-9d6595d7 wp-block-columns-is-layout-flex\">\n<div class=\"wp-block-column is-layout-flow wp-block-column-is-layout-flow\">\n<figure class=\"wp-block-image size-large\"><a href=\"\u00c0s coordena\u00e7\u00f5es e secretarias dos PPGs,  Com o encerramento do ano exerc\u00edcio e a necessidade de\u00a0mudan\u00e7a de ano base no sistema, pedimos\u00a0especial aten\u00e7\u00e3o\u00a0aos procedimentos requeridos previamente \u00e0 solicita\u00e7\u00e3o da troca de ano base:  Para que a troca de ano base seja realizada de forma correta, \u00e9 importante que todas as informa\u00e7\u00f5es cr\u00edticas referentes ao exerc\u00edcio anterior estejam registradas no sistema\u00a0antes\u00a0do encerramento do ano base atual (2023) e in\u00edcio do novo (2024).  Para facilitar o entendimento dos procedimentos, elaboramos um roteiro que est\u00e1 dispon\u00edvel no site da CPGSS:\u00a0https:\/\/ufpr.br\/propg\/cpgss\/mudanca-de-ano-base-no-siga\/\"><img decoding=\"async\" src=\"https:\/\/ufpr.br\/propg\/wp-content\/uploads\/2024\/01\/muda-ano-base-2023-1024x576.png\" alt=\"\" class=\"wp-image-37480\"\/><\/a><\/figure>\n<\/div>\n\n\n\n<div class=\"wp-block-column is-layout-flow wp-block-column-is-layout-flow\">\n<p>\u00c0s coordena\u00e7\u00f5es e secretarias dos PPGs,<\/p>\n\n\n\n<p>Com o encerramento do ano exerc\u00edcio e a necessidade de&nbsp;<a href=\"https:\/\/ufpr.br\/propg\/cpgss\/mudanca-de-ano-base-no-siga\/\" target=\"_blank\" rel=\"noreferrer noopener\">mudan\u00e7a de ano base no sistema<\/a>, pedimos&nbsp;<b>especial aten\u00e7\u00e3o&nbsp;<\/b>aos procedimentos requeridos previamente \u00e0 solicita\u00e7\u00e3o da troca de ano base:<\/p>\n\n\n\n<ul class=\"wp-block-list\">\n<li>Para que a troca de ano base seja realizada de forma correta, \u00e9 importante que todas as informa\u00e7\u00f5es cr\u00edticas referentes ao exerc\u00edcio anterior estejam registradas no sistema&nbsp;<b><u>antes<\/u>&nbsp;<\/b>do encerramento do ano base atual (2023) e in\u00edcio do novo (2024).<\/li>\n\n\n\n<li>Para facilitar o entendimento dos procedimentos, elaboramos um roteiro que est\u00e1 dispon\u00edvel no site da CPGSS:&nbsp;<a href=\"https:\/\/ufpr.br\/propg\/cpgss\/mudanca-de-ano-base-no-siga\/\">https:\/\/ufpr.br\/propg\/cpgss\/mudanca-de-ano-base-no-siga\/<\/a><\/li>\n<\/ul>\n<\/div>\n<\/div>\n\n\n\n<p><\/p>\n","protected":false},"excerpt":{"rendered":"<p>\u00c0s coordena\u00e7\u00f5es e secretarias dos PPGs, Com o encerramento do ano exerc\u00edcio e a necessidade de&nbsp;mudan\u00e7a de ano base no sistema, pedimos&nbsp;especial aten\u00e7\u00e3o&nbsp;aos procedimentos requeridos previamente \u00e0 solicita\u00e7\u00e3o da troca de ano base:<\/p>\n","protected":false},"author":16,"featured_media":0,"comment_status":"open","ping_status":"open","sticky":false,"template":"","format":"standard","meta":{"footnotes":""},"categories":[386],"tags":[],"class_list":["post-16266","post","type-post","status-publish","format-standard","hentry","category-mestrado-e-doutorado"],"_links":{"self":[{"href":"https:\/\/ufpr.br\/propg\/wp-json\/wp\/v2\/posts\/16266","targetHints":{"allow":["GET"]}}],"collection":[{"href":"https:\/\/ufpr.br\/propg\/wp-json\/wp\/v2\/posts"}],"about":[{"href":"https:\/\/ufpr.br\/propg\/wp-json\/wp\/v2\/types\/post"}],"author":[{"embeddable":true,"href":"https:\/\/ufpr.br\/propg\/wp-json\/wp\/v2\/users\/16"}],"replies":[{"embeddable":true,"href":"https:\/\/ufpr.br\/propg\/wp-json\/wp\/v2\/comments?post=16266"}],"version-history":[{"count":6,"href":"https:\/\/ufpr.br\/propg\/wp-json\/wp\/v2\/posts\/16266\/revisions"}],"predecessor-version":[{"id":19279,"href":"https:\/\/ufpr.br\/propg\/wp-json\/wp\/v2\/posts\/16266\/revisions\/19279"}],"wp:attachment":[{"href":"https:\/\/ufpr.br\/propg\/wp-json\/wp\/v2\/media?parent=16266"}],"wp:term":[{"taxonomy":"category","embeddable":true,"href":"https:\/\/ufpr.br\/propg\/wp-json\/wp\/v2\/categories?post=16266"},{"taxonomy":"post_tag","embeddable":true,"href":"https:\/\/ufpr.br\/propg\/wp-json\/wp\/v2\/tags?post=16266"}],"curies":[{"name":"wp","href":"https:\/\/api.w.org\/{rel}","templated":true}]}}