{"id":16246,"date":"2023-04-24T09:44:11","date_gmt":"2023-04-24T12:44:11","guid":{"rendered":"https:\/\/ufpr.br\/publicado-edital-de-teste-de-suficiencia-em-lingua-estrangeira-moderna-2023-nucleo-de-concursos-da-ufpr"},"modified":"2025-12-02T09:24:10","modified_gmt":"2025-12-02T12:24:10","slug":"publicado-edital-de-teste-de-suficiencia-em-lingua-estrangeira-moderna-2023-nucleo-de-concursos-da-ufpr","status":"publish","type":"post","link":"https:\/\/ufpr.br\/propg\/publicado-edital-de-teste-de-suficiencia-em-lingua-estrangeira-moderna-2023-nucleo-de-concursos-da-ufpr\/","title":{"rendered":"Publicado edital de Teste de Sufici\u00eancia em L\u00edngua Estrangeira Moderna &#8211; 2023 (N\u00facleo de Concursos da UFPR)"},"content":{"rendered":"\n<p>O N\u00facleo de Concursos da UFPR (NC-UFPR) publicou o edital <strong>Teste de Sufici\u00eancia em L\u00edngua Estrangeira Moderna &#8211; 2023<\/strong>.<\/p>\n\n\n\n<p>As inscri\u00e7\u00f5es ser\u00e3o realizadas a partir do dia 02\/05\/2023 at\u00e9 as 12h (meio-dia) do dia 01\/06\/2023.<\/p>\n\n\n\n<p>Haver\u00e1 op\u00e7\u00f5es de cinco L\u00ednguas Estrangeiras Modernas: alem\u00e3o, espanhol, franc\u00eas, ingl\u00eas ou italiano.<\/p>\n\n\n\n<p><strong>Confira em<\/strong> <a href=\"https:\/\/servicos.nc.ufpr.br\/PortalNC\/Concurso?concurso=LEM2023\" target=\"_blank\" rel=\"noreferrer noopener\">https:\/\/servicos.nc.ufpr.br\/PortalNC\/Concurso?concurso=LEM2023<\/a><\/p>\n","protected":false},"excerpt":{"rendered":"<p>O N\u00facleo de Concursos da UFPR (NC-UFPR) publicou o edital Teste de Sufici\u00eancia em L\u00edngua Estrangeira Moderna &#8211; 2023. As inscri\u00e7\u00f5es ser\u00e3o realizadas a partir do dia 02\/05\/2023 at\u00e9 as 12h (meio-dia) do dia 01\/06\/2023. Haver\u00e1 op\u00e7\u00f5es de cinco L\u00ednguas Estrangeiras Modernas: alem\u00e3o, espanhol, franc\u00eas, ingl\u00eas ou italiano. Confira em https:\/\/servicos.nc.ufpr.br\/PortalNC\/Concurso?concurso=LEM2023<\/p>\n","protected":false},"author":18,"featured_media":0,"comment_status":"open","ping_status":"open","sticky":false,"template":"","format":"standard","meta":{"footnotes":""},"categories":[381,386],"tags":[],"class_list":["post-16246","post","type-post","status-publish","format-standard","hentry","category-editais-e-processos-seletivos","category-mestrado-e-doutorado"],"_links":{"self":[{"href":"https:\/\/ufpr.br\/propg\/wp-json\/wp\/v2\/posts\/16246","targetHints":{"allow":["GET"]}}],"collection":[{"href":"https:\/\/ufpr.br\/propg\/wp-json\/wp\/v2\/posts"}],"about":[{"href":"https:\/\/ufpr.br\/propg\/wp-json\/wp\/v2\/types\/post"}],"author":[{"embeddable":true,"href":"https:\/\/ufpr.br\/propg\/wp-json\/wp\/v2\/users\/18"}],"replies":[{"embeddable":true,"href":"https:\/\/ufpr.br\/propg\/wp-json\/wp\/v2\/comments?post=16246"}],"version-history":[{"count":3,"href":"https:\/\/ufpr.br\/propg\/wp-json\/wp\/v2\/posts\/16246\/revisions"}],"predecessor-version":[{"id":19157,"href":"https:\/\/ufpr.br\/propg\/wp-json\/wp\/v2\/posts\/16246\/revisions\/19157"}],"wp:attachment":[{"href":"https:\/\/ufpr.br\/propg\/wp-json\/wp\/v2\/media?parent=16246"}],"wp:term":[{"taxonomy":"category","embeddable":true,"href":"https:\/\/ufpr.br\/propg\/wp-json\/wp\/v2\/categories?post=16246"},{"taxonomy":"post_tag","embeddable":true,"href":"https:\/\/ufpr.br\/propg\/wp-json\/wp\/v2\/tags?post=16246"}],"curies":[{"name":"wp","href":"https:\/\/api.w.org\/{rel}","templated":true}]}}