{"id":16198,"date":"2023-03-28T10:17:36","date_gmt":"2023-03-28T13:17:36","guid":{"rendered":"https:\/\/ufpr.br\/workshop-virtual-debate-lei-de-biodiversidade-e-sisgen"},"modified":"2025-12-02T09:21:53","modified_gmt":"2025-12-02T12:21:53","slug":"workshop-virtual-debate-lei-de-biodiversidade-e-sisgen","status":"publish","type":"post","link":"https:\/\/ufpr.br\/propg\/workshop-virtual-debate-lei-de-biodiversidade-e-sisgen\/","title":{"rendered":"III Workshop Virtual Sisgem da UFPR"},"content":{"rendered":"\n<h2 class=\"wp-block-heading has-text-align-center\">Workshop virtual debate lei de biodiversidade e Sisgen<\/h2>\n\n\n\n<div style=\"height:25px\" aria-hidden=\"true\" class=\"wp-block-spacer\"><\/div>\n\n\n<div class=\"wp-block-image\">\n<figure class=\"aligncenter size-full\"><img decoding=\"async\" src=\"https:\/\/ufpr.br\/propg\/wp-content\/uploads\/2023\/03\/sisgen-4.jpg\" alt=\"\" class=\"wp-image-36436\"\/><\/figure><\/div>\n\n\n<div style=\"height:25px\" aria-hidden=\"true\" class=\"wp-block-spacer\"><\/div>\n\n\n\n<p>A Unidade de Assuntos Relacionados \u00e0 Biodiversidade (Unibio) da Universidade Federal do Paran\u00e1 realiza o III Workshop Virtual Sisgem da UFPR. A primeira transmiss\u00e3o ser\u00e1 no dia 31 de mar\u00e7o, a partir das 8h30. A programa\u00e7\u00e3o ter\u00e1 mais quatro eventos, encerrando em 26 de maio. As inscri\u00e7\u00f5es para cada dia de workshop e atividades podem ser feitas&nbsp;<a href=\"https:\/\/www.even3.com.br\/iii-workshop-virtual-sisgen-da-ufpr-313987\/\" target=\"_blank\" rel=\"noopener noreferrer\">neste link<\/a>.<\/p>\n\n\n\n<p>O evento \u00e9 gratuito e on-line, com transmiss\u00e3o pelo YouTube. O objetivo \u00e9 manter os pesquisadores atualizados sobre a nova lei de biodiversidade e o Sisgen (Sistema Nacional de Gest\u00e3o do Patrim\u00f4nio Gen\u00e9tico e do Conhecimento Tradicional Associado) e seus impactos na rotina dos cientistas.<\/p>\n\n\n\n<p>O workshop \u00e9 uma oportunidade de aprender e se atualizar sobre o tema com pesquisadores e especialistas. Haver\u00e1 emiss\u00e3o de certificado, conforme a participa\u00e7\u00e3o nas palestras e rodas de conversa, podendo totalizar at\u00e9 40 horas.<\/p>\n\n\n\n<p>A transmiss\u00e3o do dia 31 de mar\u00e7o ter\u00e1 a abertura oficial \u00e0s 8h30. Na sequ\u00eancia, das 9h \u00e0s 11h30, o professor Francisco Fonseca de Souza, da Universidade Federal de Vi\u00e7osa e ex-diretor do CNPq, ministrar\u00e1 a palestra \u201cApresenta\u00e7\u00e3o do M\u00f3dulo Pesquisa Sisgen CNPq\u201d. No per\u00edodo da tarde, a partir das 13h30, ser\u00e1 realizada a palestra sobre \u201cApresenta\u00e7\u00e3o de casos e chamamento para a regulariza\u00e7\u00e3o\u201d.<\/p>\n\n\n\n<p>No dia 14 de abril, os temas ser\u00e3o Digital Sequences Information (DSI), Protocolo de Nagoia e pesquisas cl\u00ednicas e veterin\u00e1rias. Em maio, ser\u00e3o mais tr\u00eas encontros. No dia 12, ser\u00e3o debatidas as cole\u00e7\u00f5es biol\u00f3gicas e a lei da biodiversidade e envio x remessa. O Conhecimento Tradicional Associado (CTA) \u00e9 o tema do dia 19 de maio e o \u00faltimo dia de palestras, 26 de maio, tratar\u00e1 sobre propriedade intelectual envolvendo patrim\u00f4nio gen\u00e9tico.<\/p>\n\n\n\n<p><strong><em>Servi\u00e7o:<\/em><\/strong><br><strong><em>III Workshop Virtual Sisgem da UFPR<\/em><\/strong><br><em><strong>Datas:<\/strong>&nbsp;31 de mar\u00e7o, 14 de abril, 12, 19 e 26 de maio<\/em><br><em><strong>Hora:<\/strong>&nbsp;8h30 \u00e0s 17h30<\/em><br><em><strong>Inscri\u00e7\u00f5es:<\/strong>&nbsp;<a href=\"https:\/\/www.even3.com.br\/iii-workshop-virtual-sisgen-da-ufpr-313987\/\" target=\"_blank\" rel=\"noopener noreferrer\">https:\/\/www.even3.com.br\/iii-workshop-virtual-sisgen-da-ufpr-313987\/<\/a><\/em><\/p>\n\n\n\n<p><em>Acompanhe as novidades do&nbsp;<a href=\"https:\/\/www.instagram.com\/sisgennovaleidabiodiversidade\/\" target=\"_blank\" rel=\"noopener noreferrer\">III Workshop Virtual Sisgem da UFPR no Instagram<\/a><\/em><\/p>\n\n\n\n<p><strong><em>Acesse a transmiss\u00e3o do Workshop no Youtube:<\/em><\/strong> <a href=\"https:\/\/www.youtube.com\/live\/Kxu9ovn9uvw?feature=share\" target=\"_blank\" rel=\"noreferrer noopener\">https:\/\/www.youtube.com\/live\/Kxu9ovn9uvw?feature=share<\/a><\/p>\n","protected":false},"excerpt":{"rendered":"<p>Workshop virtual debate lei de biodiversidade e Sisgen A Unidade de Assuntos Relacionados \u00e0 Biodiversidade (Unibio) da Universidade Federal do Paran\u00e1 realiza o III Workshop Virtual Sisgem da UFPR. A primeira transmiss\u00e3o ser\u00e1 no dia 31 de mar\u00e7o, a partir das 8h30. A programa\u00e7\u00e3o ter\u00e1 mais quatro eventos, encerrando em 26 de maio. As inscri\u00e7\u00f5es [&hellip;]<\/p>\n","protected":false},"author":24,"featured_media":0,"comment_status":"open","ping_status":"open","sticky":false,"template":"","format":"standard","meta":{"footnotes":""},"categories":[386],"tags":[],"class_list":["post-16198","post","type-post","status-publish","format-standard","hentry","category-mestrado-e-doutorado"],"_links":{"self":[{"href":"https:\/\/ufpr.br\/propg\/wp-json\/wp\/v2\/posts\/16198","targetHints":{"allow":["GET"]}}],"collection":[{"href":"https:\/\/ufpr.br\/propg\/wp-json\/wp\/v2\/posts"}],"about":[{"href":"https:\/\/ufpr.br\/propg\/wp-json\/wp\/v2\/types\/post"}],"author":[{"embeddable":true,"href":"https:\/\/ufpr.br\/propg\/wp-json\/wp\/v2\/users\/24"}],"replies":[{"embeddable":true,"href":"https:\/\/ufpr.br\/propg\/wp-json\/wp\/v2\/comments?post=16198"}],"version-history":[{"count":8,"href":"https:\/\/ufpr.br\/propg\/wp-json\/wp\/v2\/posts\/16198\/revisions"}],"predecessor-version":[{"id":19143,"href":"https:\/\/ufpr.br\/propg\/wp-json\/wp\/v2\/posts\/16198\/revisions\/19143"}],"wp:attachment":[{"href":"https:\/\/ufpr.br\/propg\/wp-json\/wp\/v2\/media?parent=16198"}],"wp:term":[{"taxonomy":"category","embeddable":true,"href":"https:\/\/ufpr.br\/propg\/wp-json\/wp\/v2\/categories?post=16198"},{"taxonomy":"post_tag","embeddable":true,"href":"https:\/\/ufpr.br\/propg\/wp-json\/wp\/v2\/tags?post=16198"}],"curies":[{"name":"wp","href":"https:\/\/api.w.org\/{rel}","templated":true}]}}