{"id":15939,"date":"2023-11-27T10:05:43","date_gmt":"2023-11-27T13:05:43","guid":{"rendered":"https:\/\/ufpr.br\/premio-capes-de-tese-conheca-as-teses-premiadas-da-ufpr"},"modified":"2025-12-02T09:44:27","modified_gmt":"2025-12-02T12:44:27","slug":"premio-capes-de-tese-conheca-as-teses-premiadas-da-ufpr","status":"publish","type":"post","link":"https:\/\/ufpr.br\/propg\/premio-capes-de-tese-conheca-as-teses-premiadas-da-ufpr\/","title":{"rendered":"[Pr\u00eamio CAPES de Tese] Conhe\u00e7a as teses premiadas da UFPR"},"content":{"rendered":"\n<div class=\"wp-block-columns is-layout-flex wp-container-core-columns-is-layout-9d6595d7 wp-block-columns-is-layout-flex\">\n<div class=\"wp-block-column is-layout-flow wp-block-column-is-layout-flow\" style=\"flex-basis:60%\">\n<figure class=\"wp-block-image size-large\"><a href=\"https:\/\/ciencia.ufpr.br\/portal\/editoria\/especiais\/premio-capes-tese\/\" target=\"_blank\" rel=\" noreferrer noopener\"><img decoding=\"async\" src=\"https:\/\/ufpr.br\/propg\/wp-content\/uploads\/2023\/11\/banner-prppg_seriepremiocapes_cienciaufpr-1024x444.png\" alt=\"\" class=\"wp-image-37378\"\/><\/a><\/figure>\n<\/div>\n\n\n\n<div class=\"wp-block-column is-layout-flow wp-block-column-is-layout-flow\" style=\"flex-basis:40%\">\n<p>S\u00e9rie de reportagens destaca as teses premiadas da UFPR:<\/p>\n\n\n\n<p><a href=\"https:\/\/ciencia.ufpr.br\/portal\/editoria\/especiais\/premio-capes-tese\" target=\"_blank\" rel=\"noreferrer noopener\">https:\/\/ciencia.ufpr.br\/portal\/editoria\/especiais\/premio-capes-tese<\/a><\/p>\n\n\n\n<p>As mat\u00e9rias ser\u00e3o publicadas no Portal da UFPR e na Ci\u00eancia UFPR, sempre \u00e0s quintas-feiras, at\u00e9 o dia 21\/12\/2023.<\/p>\n<\/div>\n<\/div>\n","protected":false},"excerpt":{"rendered":"<p>S\u00e9rie de reportagens destaca as teses premiadas da UFPR: https:\/\/ciencia.ufpr.br\/portal\/editoria\/especiais\/premio-capes-tese As mat\u00e9rias ser\u00e3o publicadas no Portal da UFPR e na Ci\u00eancia UFPR, sempre \u00e0s quintas-feiras, at\u00e9 o dia 21\/12\/2023.<\/p>\n","protected":false},"author":16,"featured_media":0,"comment_status":"open","ping_status":"open","sticky":false,"template":"","format":"standard","meta":{"footnotes":""},"categories":[386],"tags":[],"class_list":["post-15939","post","type-post","status-publish","format-standard","hentry","category-mestrado-e-doutorado"],"_links":{"self":[{"href":"https:\/\/ufpr.br\/propg\/wp-json\/wp\/v2\/posts\/15939","targetHints":{"allow":["GET"]}}],"collection":[{"href":"https:\/\/ufpr.br\/propg\/wp-json\/wp\/v2\/posts"}],"about":[{"href":"https:\/\/ufpr.br\/propg\/wp-json\/wp\/v2\/types\/post"}],"author":[{"embeddable":true,"href":"https:\/\/ufpr.br\/propg\/wp-json\/wp\/v2\/users\/16"}],"replies":[{"embeddable":true,"href":"https:\/\/ufpr.br\/propg\/wp-json\/wp\/v2\/comments?post=15939"}],"version-history":[{"count":7,"href":"https:\/\/ufpr.br\/propg\/wp-json\/wp\/v2\/posts\/15939\/revisions"}],"predecessor-version":[{"id":19241,"href":"https:\/\/ufpr.br\/propg\/wp-json\/wp\/v2\/posts\/15939\/revisions\/19241"}],"wp:attachment":[{"href":"https:\/\/ufpr.br\/propg\/wp-json\/wp\/v2\/media?parent=15939"}],"wp:term":[{"taxonomy":"category","embeddable":true,"href":"https:\/\/ufpr.br\/propg\/wp-json\/wp\/v2\/categories?post=15939"},{"taxonomy":"post_tag","embeddable":true,"href":"https:\/\/ufpr.br\/propg\/wp-json\/wp\/v2\/tags?post=15939"}],"curies":[{"name":"wp","href":"https:\/\/api.w.org\/{rel}","templated":true}]}}