{"id":15922,"date":"2022-12-21T11:16:32","date_gmt":"2022-12-21T14:16:32","guid":{"rendered":"https:\/\/ufpr.br\/avaliacao-quadrienal-capes-mensagem-da-prppg"},"modified":"2025-12-02T09:15:17","modified_gmt":"2025-12-02T12:15:17","slug":"avaliacao-quadrienal-capes-mensagem-da-prppg","status":"publish","type":"post","link":"https:\/\/ufpr.br\/propg\/avaliacao-quadrienal-capes-mensagem-da-prppg\/","title":{"rendered":"[Avalia\u00e7\u00e3o Quadrienal CAPES] Mensagem da PRPPG"},"content":{"rendered":"\n<div class=\"wp-block-columns is-layout-flex wp-container-core-columns-is-layout-9d6595d7 wp-block-columns-is-layout-flex\">\n<div class=\"wp-block-column is-layout-flow wp-block-column-is-layout-flow\" style=\"flex-basis:40%\"><div class=\"wp-block-image\">\n<figure class=\"aligncenter size-large\"><img decoding=\"async\" src=\"https:\/\/ufpr.br\/propg\/wp-content\/uploads\/2022\/12\/resultado-capes-1024x576.jpg\" alt=\"\" class=\"wp-image-36089\" style=\"object-fit:cover\"\/><\/figure><\/div><\/div>\n\n\n\n<div class=\"wp-block-column is-layout-flow wp-block-column-is-layout-flow\" style=\"flex-basis:60%\">\n<p>Estimadas\/os Coordenadores, professores, servidores-t\u00e9cnico\/administrativos e estudantes da P\u00f3s-gradua\u00e7\u00e3o da UFPR<\/p>\n\n\n\n<p>A CAPES publicou, na tarde de ontem (19\/12\/2023), o resultado final do processo de avalia\u00e7\u00e3o da p\u00f3s-gradua\u00e7\u00e3o brasileira referente ao quadri\u00eanio 2017-2020. A UFPR posicionou-se em oitavo lugar dentre as IES brasileiras que ofertam cursos de p\u00f3s-gradua\u00e7\u00e3o strictu senso, resultado que nos deixou bastante contentes ao confirmar a presen\u00e7a da UFPR dentre as principais universidades brasileiras. Esse sucesso \u00e9 resultado, portanto, da dedica\u00e7\u00e3o e seriedade da comunidade da UFPR, assim queremos parabenizar a todos os programas que registraram eleva\u00e7\u00e3o (18 PPGs) ou manuten\u00e7\u00e3o de seus conceitos (57 PPGs) em rela\u00e7\u00e3o \u00e0 avalia\u00e7\u00e3o anterior. Tr\u00eas ppgs n\u00e3o registraram resultado positivo, fato que nos desperta a aten\u00e7\u00e3o para o cuidado especial para com eles!<\/p>\n\n\n\n<p><strong>Ao parabenizar, novamente, a todas\/os os envolvidas\/os no cotidiano dos PPGs\/UFPR, manifestamos nossos sinceros agradecimentos a dedica\u00e7\u00e3o de todas\/os, especialmente \u00e0s\/aos coordenadoras\/res e secret\u00e1rias\/os dos PPGs, bem como \u00e0 equipe da CPG\/PRPPG, com destaque \u00e0 coordena\u00e7\u00e3o respons\u00e1vel pelo per\u00edodo 2017-2020.<\/strong><\/p>\n\n\n\n<p><strong>Ressaltamos, por fim e de maneira muito especial, o apoio da reitoria \u00e0 p\u00f3s-gradua\u00e7\u00e3o e \u00e0 pesquisa da UFPR, sem o qual esse sucesso n\u00e3o teria sido obtido.<\/strong><\/p>\n\n\n\n<p>Votos de boas festas e um merecido descanso a todas\/os.<\/p>\n\n\n\n<p>Atenciosamente,<\/p>\n\n\n\n<p>Profa Lucimara Roman &#8211; CPGSS\/Coordenadora<br>Prof Francisco Mendon\u00e7a &#8211; PRPPG\/Pr\u00f3-reitor<\/p>\n\n\n\n<p>&nbsp;<\/p>\n\n\n\n<hr class=\"wp-block-separator has-text-color has-cyan-bluish-gray-color has-alpha-channel-opacity has-cyan-bluish-gray-background-color has-background is-style-wide\"\/>\n\n\n\n<p>Saiba mais:<\/p>\n\n\n\n<ul class=\"wp-block-list\">\n<li><a href=\"https:\/\/www.gov.br\/capes\/pt-br\/acesso-a-informacao\/acoes-e-programas\/avaliacao\/avaliacao-quadrienal\/resultado-da-avaliacao-quadrienal-2017-2020\" target=\"_blank\" rel=\"noopener\">Resultado da Avalia\u00e7\u00e3o Quadrienal 2017-2020<\/a><\/li>\n<\/ul>\n\n\n\n<ul class=\"wp-block-list\">\n<li><a href=\"https:\/\/app.powerbi.com\/view?r=eyJrIjoiZDY5OTE5OTktMTU4NC00ZDRiLWE2ZjMtMWIyNWFjNDMxM2E2IiwidCI6IjJmNGRlYmI4LTY0M2EtNGRiZS05MjdiLTllNTYyZWY3MDBiOSJ9\" target=\"_blank\" rel=\"noopener\">Painel de divulga\u00e7\u00e3o da Quadrienal 2021<\/a><\/li>\n<\/ul>\n\n\n\n<ul class=\"wp-block-list\">\n<li><a href=\"https:\/\/www.gov.br\/capes\/pt-br\/acesso-a-informacao\/acoes-e-programas\/avaliacao\/avaliacao-quadrienal\" target=\"_blank\" rel=\"noopener\">Sobre a Avalia\u00e7\u00e3o da CAPES<\/a><\/li>\n<\/ul>\n\n\n\n<p>&nbsp;<\/p>\n\n\n\n<p><\/p>\n<\/div>\n<\/div>\n\n\n\n<p><\/p>\n","protected":false},"excerpt":{"rendered":"<p>Estimadas\/os Coordenadores, professores, servidores-t\u00e9cnico\/administrativos e estudantes da P\u00f3s-gradua\u00e7\u00e3o da UFPR A CAPES publicou, na tarde de ontem (19\/12\/2023), o resultado final do processo de avalia\u00e7\u00e3o da p\u00f3s-gradua\u00e7\u00e3o brasileira referente ao quadri\u00eanio 2017-2020. A UFPR posicionou-se em oitavo lugar dentre as IES brasileiras que ofertam cursos de p\u00f3s-gradua\u00e7\u00e3o strictu senso, resultado que nos deixou bastante contentes [&hellip;]<\/p>\n","protected":false},"author":16,"featured_media":0,"comment_status":"open","ping_status":"open","sticky":false,"template":"","format":"standard","meta":{"footnotes":""},"categories":[386],"tags":[],"class_list":["post-15922","post","type-post","status-publish","format-standard","hentry","category-mestrado-e-doutorado"],"_links":{"self":[{"href":"https:\/\/ufpr.br\/propg\/wp-json\/wp\/v2\/posts\/15922","targetHints":{"allow":["GET"]}}],"collection":[{"href":"https:\/\/ufpr.br\/propg\/wp-json\/wp\/v2\/posts"}],"about":[{"href":"https:\/\/ufpr.br\/propg\/wp-json\/wp\/v2\/types\/post"}],"author":[{"embeddable":true,"href":"https:\/\/ufpr.br\/propg\/wp-json\/wp\/v2\/users\/16"}],"replies":[{"embeddable":true,"href":"https:\/\/ufpr.br\/propg\/wp-json\/wp\/v2\/comments?post=15922"}],"version-history":[{"count":8,"href":"https:\/\/ufpr.br\/propg\/wp-json\/wp\/v2\/posts\/15922\/revisions"}],"predecessor-version":[{"id":19111,"href":"https:\/\/ufpr.br\/propg\/wp-json\/wp\/v2\/posts\/15922\/revisions\/19111"}],"wp:attachment":[{"href":"https:\/\/ufpr.br\/propg\/wp-json\/wp\/v2\/media?parent=15922"}],"wp:term":[{"taxonomy":"category","embeddable":true,"href":"https:\/\/ufpr.br\/propg\/wp-json\/wp\/v2\/categories?post=15922"},{"taxonomy":"post_tag","embeddable":true,"href":"https:\/\/ufpr.br\/propg\/wp-json\/wp\/v2\/tags?post=15922"}],"curies":[{"name":"wp","href":"https:\/\/api.w.org\/{rel}","templated":true}]}}