{"id":15902,"date":"2023-11-16T09:28:23","date_gmt":"2023-11-16T12:28:23","guid":{"rendered":"https:\/\/ufpr.br\/pesquisa-avaliacao-da-pos-graduacao-stricto-sensu-2023"},"modified":"2025-12-02T09:44:32","modified_gmt":"2025-12-02T12:44:32","slug":"pesquisa-avaliacao-da-pos-graduacao-stricto-sensu-2023","status":"publish","type":"post","link":"https:\/\/ufpr.br\/propg\/pesquisa-avaliacao-da-pos-graduacao-stricto-sensu-2023\/","title":{"rendered":"[Pesquisa] Avalia\u00e7\u00e3o da P\u00f3s-Gradua\u00e7\u00e3o Stricto Sensu 2023"},"content":{"rendered":"\n<div class=\"wp-block-columns is-layout-flex wp-container-core-columns-is-layout-9d6595d7 wp-block-columns-is-layout-flex\">\n<div class=\"wp-block-column is-layout-flow wp-block-column-is-layout-flow\" style=\"flex-basis:45%\">\n<figure class=\"wp-block-image size-large\"><a href=\"https:\/\/intranet.ufpr.br\/formulario\/cpa\/pesquisas\/pgstricto2023\" target=\"_blank\" rel=\" noreferrer noopener\"><img decoding=\"async\" src=\"https:\/\/ufpr.br\/propg\/wp-content\/uploads\/2023\/11\/pos-2023-portais-e-mails-1024x576.png\" alt=\"\" class=\"wp-image-37353\"\/><\/a><\/figure>\n<\/div>\n\n\n\n<div class=\"wp-block-column is-layout-flow wp-block-column-is-layout-flow\" style=\"flex-basis:55%\">\n<p>Hoje iniciamos a &nbsp;<strong>Avalia\u00e7\u00e3o da P\u00f3s-Gradua\u00e7\u00e3o Stricto Sensu 2023<\/strong>&nbsp;entre os mestrandos e doutorandos dos programas&nbsp;de&nbsp;p\u00f3s-gradua\u00e7\u00e3o da UFPR.<\/p>\n\n\n\n<p>A\u00a0<a href=\"https:\/\/intranet.ufpr.br\/formulario\/cpa\/pesquisas\/pgstricto2023\" target=\"_blank\" rel=\"noreferrer noopener\">pesquisa<\/a>\u00a0ficar\u00e1 dispon\u00edvel de<strong>\u00a016 a 30 de novembro de 2023<\/strong>, e pode ser acessada pelo\u00a0<strong>Siga<\/strong>, bem como pelo seguinte\u00a0<em>link<\/em>\u00a0de acesso r\u00e1pido: <a href=\"https:\/\/intranet.ufpr.br\/formulario\/cpa\/pesquisas\/pgstricto2023\" target=\"_blank\" rel=\"noreferrer noopener\">https:\/\/intranet.ufpr.br\/formulario\/cpa\/pesquisas\/pgstricto2023<\/a><\/p>\n\n\n\n<p>A Avalia\u00e7\u00e3o da P\u00f3s-gradua\u00e7\u00e3o comp\u00f5e o Plano de Autoavalia\u00e7\u00e3o Institucional, coordenado pela&nbsp;<a href=\"https:\/\/cpa.ufpr.br\/portal\/\" target=\"_blank\" rel=\"noreferrer noopener\">Comiss\u00e3o Pr\u00f3pria de Avalia\u00e7\u00e3o da UFPR<\/a>&nbsp;e seus representantes,&nbsp;e&nbsp;objetiva promover o autoconhecimento&nbsp;sobre&nbsp;a p\u00f3s-gradua\u00e7\u00e3o na universidade, com vistas ao seu aprimoramento. A Avalia\u00e7\u00e3o Institucional tamb\u00e9m faz parte da&nbsp;pol\u00edtica de autoavalia\u00e7\u00e3o de cada PPG que a&nbsp;<strong>CAPES avalia a cada quadrienal.<\/strong><\/p>\n\n\n\n<p>\u00c9 muito importante a participa\u00e7\u00e3o de todos os mestrandos e doutorandos:&nbsp; o resultado desta pesquisa ir\u00e1 compor o planejamento de toda a p\u00f3s-gradua\u00e7\u00e3o stricto sensu al\u00e9m de subsidiar a autoavalia\u00e7\u00e3o e o planejamento estrat\u00e9gico de cada programa da UFPR.<\/p>\n<\/div>\n<\/div>\n\n\n\n<h2 class=\"wp-block-heading\">Saiba mais<\/h2>\n\n\n\n<p>O Plano de Autoavalia\u00e7\u00e3o Institucional da Comiss\u00e3o Pr\u00f3pria de Avalia\u00e7\u00e3o da UFPR estabelece o planejamento das atividades de autoavalia\u00e7\u00e3o na universidade, definindo objetivos e indicadores avaliados para o per\u00edodo de 2022-2026. O plano abrange estrat\u00e9gias e a\u00e7\u00f5es para avaliar a p\u00f3sgradua\u00e7\u00e3o stricto sensu, em colabora\u00e7\u00e3o com a Pr\u00f3-Reitoria de Pesquisa e P\u00f3s-Gradua\u00e7\u00e3o (PRPPG). Desde 2017, s\u00e3o realizados question\u00e1rios anuais para avaliar os programas de p\u00f3s-gradua\u00e7\u00e3o stricto sensu, e os resultados s\u00e3o publicados para a sociedade em geral.<\/p>\n\n\n\n<p>No contexto dos programas de p\u00f3s-gradua\u00e7\u00e3o stricto sensu, os resultados do processo de avalia\u00e7\u00e3o interna realizados pela CPA s\u00e3o essenciais para o planejamento institucional, a presta\u00e7\u00e3o de&nbsp; contas \u00e0 sociedade e o aprimoramento da transpar\u00eancia. Esses resultados tamb\u00e9m servem como base para o planejamento e para a pol\u00edtica de autoavalia\u00e7\u00e3o espec\u00edficos desses programas.<\/p>\n\n\n\n<p>Os programas de p\u00f3s-gradua\u00e7\u00e3o est\u00e3o ativamente envolvidos no processo de avalia\u00e7\u00e3o institucional, sendo avaliados em diversos aspectos, como disciplinas, oferta de bolsas, corpo docente,&nbsp; orienta\u00e7\u00e3o, est\u00edmulo \u00e0 pesquisa, grupos de pesquisa, intera\u00e7\u00e3o com docentes e outros estudantes, servi\u00e7os da Pr\u00f3-Reitoria de Pesquisa e P\u00f3s-Gradua\u00e7\u00e3o, estrutura e servi\u00e7os fornecidos pelo&nbsp; sistema de bibliotecas, laborat\u00f3rios, servi\u00e7os de tecnologia da informa\u00e7\u00e3o, redes, sistema de gest\u00e3o acad\u00eamica, divulga\u00e7\u00e3o cient\u00edfica, entre outros. Os relat\u00f3rios que cont\u00eam os resultados da&nbsp; avalia\u00e7\u00e3o interna s\u00e3o enviados \u00e0s unidades e aos programas de p\u00f3s-gradua\u00e7\u00e3o para an\u00e1lise e contribui\u00e7\u00e3o ao planejamento institucional.<\/p>\n\n\n\n<p>Adicionalmente \u00e0 avalia\u00e7\u00e3o institucional da p\u00f3s-gradua\u00e7\u00e3o e, com o apoio da CPA e da Pr\u00f3-reitoria de Pesquisa e P\u00f3s-gradua\u00e7\u00e3o, cada programa de p\u00f3s-gradua\u00e7\u00e3o stricto sensu conduz sua pol\u00edtica de autoavalia\u00e7\u00e3o, alinhada ao Plano de Avalia\u00e7\u00e3o Institucional, ao Plano de Desenvolvimento Institucional (PDI) e \u00e0s diretrizes da CAPES.<\/p>\n\n\n\n<p>O Plano de Autoavalia\u00e7\u00e3o Institucional da UFPR para o per\u00edodo de 2022 a 2026 est\u00e1 dispon\u00edvel em\u00a0<a href=\"https:\/\/cpa.ufpr.br\/portal\/\" target=\"_blank\" rel=\"noreferrer noopener\">https:\/\/cpa.ufpr.br<\/a><\/p>\n\n\n\n<p>&nbsp;<\/p>\n","protected":false},"excerpt":{"rendered":"<p>Hoje iniciamos a &nbsp;Avalia\u00e7\u00e3o da P\u00f3s-Gradua\u00e7\u00e3o Stricto Sensu 2023&nbsp;entre os mestrandos e doutorandos dos programas&nbsp;de&nbsp;p\u00f3s-gradua\u00e7\u00e3o da UFPR. A\u00a0pesquisa\u00a0ficar\u00e1 dispon\u00edvel de\u00a016 a 30 de novembro de 2023, e pode ser acessada pelo\u00a0Siga, bem como pelo seguinte\u00a0link\u00a0de acesso r\u00e1pido: https:\/\/intranet.ufpr.br\/formulario\/cpa\/pesquisas\/pgstricto2023 A Avalia\u00e7\u00e3o da P\u00f3s-gradua\u00e7\u00e3o comp\u00f5e o Plano de Autoavalia\u00e7\u00e3o Institucional, coordenado pela&nbsp;Comiss\u00e3o Pr\u00f3pria de Avalia\u00e7\u00e3o da UFPR&nbsp;e [&hellip;]<\/p>\n","protected":false},"author":16,"featured_media":0,"comment_status":"open","ping_status":"open","sticky":false,"template":"","format":"standard","meta":{"footnotes":""},"categories":[386],"tags":[],"class_list":["post-15902","post","type-post","status-publish","format-standard","hentry","category-mestrado-e-doutorado"],"_links":{"self":[{"href":"https:\/\/ufpr.br\/propg\/wp-json\/wp\/v2\/posts\/15902","targetHints":{"allow":["GET"]}}],"collection":[{"href":"https:\/\/ufpr.br\/propg\/wp-json\/wp\/v2\/posts"}],"about":[{"href":"https:\/\/ufpr.br\/propg\/wp-json\/wp\/v2\/types\/post"}],"author":[{"embeddable":true,"href":"https:\/\/ufpr.br\/propg\/wp-json\/wp\/v2\/users\/16"}],"replies":[{"embeddable":true,"href":"https:\/\/ufpr.br\/propg\/wp-json\/wp\/v2\/comments?post=15902"}],"version-history":[{"count":9,"href":"https:\/\/ufpr.br\/propg\/wp-json\/wp\/v2\/posts\/15902\/revisions"}],"predecessor-version":[{"id":19244,"href":"https:\/\/ufpr.br\/propg\/wp-json\/wp\/v2\/posts\/15902\/revisions\/19244"}],"wp:attachment":[{"href":"https:\/\/ufpr.br\/propg\/wp-json\/wp\/v2\/media?parent=15902"}],"wp:term":[{"taxonomy":"category","embeddable":true,"href":"https:\/\/ufpr.br\/propg\/wp-json\/wp\/v2\/categories?post=15902"},{"taxonomy":"post_tag","embeddable":true,"href":"https:\/\/ufpr.br\/propg\/wp-json\/wp\/v2\/tags?post=15902"}],"curies":[{"name":"wp","href":"https:\/\/api.w.org\/{rel}","templated":true}]}}