{"id":15889,"date":"2023-11-13T09:47:30","date_gmt":"2023-11-13T12:47:30","guid":{"rendered":"https:\/\/ufpr.br\/processo-seletivo-doutorado-em-engenharia-de-bioprocessos-e-biotecnologia"},"modified":"2025-12-02T09:44:41","modified_gmt":"2025-12-02T12:44:41","slug":"processo-seletivo-doutorado-em-engenharia-de-bioprocessos-e-biotecnologia","status":"publish","type":"post","link":"https:\/\/ufpr.br\/propg\/processo-seletivo-doutorado-em-engenharia-de-bioprocessos-e-biotecnologia\/","title":{"rendered":"[Processo Seletivo] Doutorado em Engenharia de Bioprocessos e Biotecnologia"},"content":{"rendered":"\n<p>Publicado edital de ingresso por Fluxo Cont\u00ednuo no curso de Doutorado do\u00a0<a href=\"https:\/\/www.prppg.ufpr.br\/site\/ppgebb\/pb\/\" target=\"_blank\" rel=\"noreferrer noopener\">Programa de P\u00f3s-Gradua\u00e7\u00e3o em Engenharia de Bioprocessos e Biotecnologia<\/a>:<\/p>\n\n\n\n<p><a href=\"https:\/\/www.prppg.ufpr.br\/site\/ppgebb\/pb\/processo-seletivo\" target=\"_blank\" rel=\"noreferrer noopener\">https:\/\/www.prppg.ufpr.br\/site\/ppgebb\/pb\/processo-seletivo<\/a><\/p>\n\n\n\n<p><strong>Edital 01\/2023 \u2013 Fluxo Cont\u00ednuo para Doutorado<\/strong><\/p>\n\n\n\n<p>Link para inscri\u00e7\u00f5es:\u00a0<a href=\"https:\/\/siga.ufpr.br\/siga\/visitante\/processoseletivo\/index.jsp?sequencial=3434\" target=\"_blank\" rel=\"noreferrer noopener\">https:\/\/siga.ufpr.br\/siga\/visitante\/processoseletivo\/index.jsp?sequencial=3434<\/a><\/p>\n\n\n\n<p>As inscri\u00e7\u00f5es estar\u00e3o abertas at\u00e9<strong>\u00a031\/12\/2023\u00a0<\/strong>com oportunidade de bolsas de estudos.<\/p>\n\n\n\n<p>&nbsp;<\/p>\n","protected":false},"excerpt":{"rendered":"<p>Publicado edital de ingresso por Fluxo Cont\u00ednuo no curso de Doutorado do\u00a0Programa de P\u00f3s-Gradua\u00e7\u00e3o em Engenharia de Bioprocessos e Biotecnologia: https:\/\/www.prppg.ufpr.br\/site\/ppgebb\/pb\/processo-seletivo Edital 01\/2023 \u2013 Fluxo Cont\u00ednuo para Doutorado Link para inscri\u00e7\u00f5es:\u00a0https:\/\/siga.ufpr.br\/siga\/visitante\/processoseletivo\/index.jsp?sequencial=3434 As inscri\u00e7\u00f5es estar\u00e3o abertas at\u00e9\u00a031\/12\/2023\u00a0com oportunidade de bolsas de estudos. &nbsp;<\/p>\n","protected":false},"author":16,"featured_media":0,"comment_status":"open","ping_status":"open","sticky":false,"template":"","format":"standard","meta":{"footnotes":""},"categories":[381,386],"tags":[],"class_list":["post-15889","post","type-post","status-publish","format-standard","hentry","category-editais-e-processos-seletivos","category-mestrado-e-doutorado"],"_links":{"self":[{"href":"https:\/\/ufpr.br\/propg\/wp-json\/wp\/v2\/posts\/15889","targetHints":{"allow":["GET"]}}],"collection":[{"href":"https:\/\/ufpr.br\/propg\/wp-json\/wp\/v2\/posts"}],"about":[{"href":"https:\/\/ufpr.br\/propg\/wp-json\/wp\/v2\/types\/post"}],"author":[{"embeddable":true,"href":"https:\/\/ufpr.br\/propg\/wp-json\/wp\/v2\/users\/16"}],"replies":[{"embeddable":true,"href":"https:\/\/ufpr.br\/propg\/wp-json\/wp\/v2\/comments?post=15889"}],"version-history":[{"count":3,"href":"https:\/\/ufpr.br\/propg\/wp-json\/wp\/v2\/posts\/15889\/revisions"}],"predecessor-version":[{"id":19247,"href":"https:\/\/ufpr.br\/propg\/wp-json\/wp\/v2\/posts\/15889\/revisions\/19247"}],"wp:attachment":[{"href":"https:\/\/ufpr.br\/propg\/wp-json\/wp\/v2\/media?parent=15889"}],"wp:term":[{"taxonomy":"category","embeddable":true,"href":"https:\/\/ufpr.br\/propg\/wp-json\/wp\/v2\/categories?post=15889"},{"taxonomy":"post_tag","embeddable":true,"href":"https:\/\/ufpr.br\/propg\/wp-json\/wp\/v2\/tags?post=15889"}],"curies":[{"name":"wp","href":"https:\/\/api.w.org\/{rel}","templated":true}]}}