{"id":15817,"date":"2022-10-27T14:11:20","date_gmt":"2022-10-27T17:11:20","guid":{"rendered":"https:\/\/ufpr.br\/i-encontro-do-mestrado-profissional-em-enfermagem"},"modified":"2025-12-02T09:08:55","modified_gmt":"2025-12-02T12:08:55","slug":"i-encontro-do-mestrado-profissional-em-enfermagem","status":"publish","type":"post","link":"https:\/\/ufpr.br\/propg\/i-encontro-do-mestrado-profissional-em-enfermagem\/","title":{"rendered":"[Eventos] I Encontro do Mestrado Profissional em Enfermagem: 22 e 23\/Novembro!"},"content":{"rendered":"<div class=\"wp-block-image\">\n<figure class=\"aligncenter size-large is-resized\"><a href=\"https:\/\/docs.google.com\/forms\/d\/e\/1FAIpQLSeM18x9d4jBUadrZDq9Muh-E-aEVLkSF6GPPhXtUEAni1sGmw\/viewform\" target=\"_blank\" rel=\" noreferrer noopener\"><img decoding=\"async\" src=\"https:\/\/ufpr.br\/propg\/wp-content\/uploads\/2022\/10\/ppgenf-741x1024.png\" alt=\"\" class=\"wp-image-35405\" style=\"width:500px\"\/><\/a><\/figure><\/div>\n\n\n<div style=\"height:50px\" aria-hidden=\"true\" class=\"wp-block-spacer\"><\/div>\n\n\n\n<p>Fa\u00e7a sua <a href=\"https:\/\/forms.gle\/i5LqMCoX3KTo9QFv9\" target=\"_blank\" rel=\"noreferrer noopener\">inscri\u00e7\u00e3o neste link<\/a><\/p>\n\n\n\n<p>Mais informa\u00e7\u00f5es sobre o evento em\u00a0<a href=\"https:\/\/www.prppg.ufpr.br\/site\/ppgenfprof\" target=\"_blank\" rel=\"noreferrer noopener\">https:\/\/www.prppg.ufpr.br\/site\/ppgenfprof<\/a><\/p>\n\n\n\n<p>ou contatando: mestradoprofissionalenfermagem@ufpr.br, secretariaprof@ufpr.br<\/p>\n\n\n\n<p>Conhe\u00e7a tamb\u00e9m o <a href=\"https:\/\/www.instagram.com\/ppgpcsufpr\/\" target=\"_blank\" rel=\"noreferrer noopener\">https:\/\/www.instagram.com\/ppgpcsufpr\/<\/a><\/p>\n","protected":false},"excerpt":{"rendered":"<p>Fa\u00e7a sua inscri\u00e7\u00e3o neste link Mais informa\u00e7\u00f5es sobre o evento em\u00a0https:\/\/www.prppg.ufpr.br\/site\/ppgenfprof ou contatando: mestradoprofissionalenfermagem@ufpr.br, secretariaprof@ufpr.br Conhe\u00e7a tamb\u00e9m o https:\/\/www.instagram.com\/ppgpcsufpr\/<\/p>\n","protected":false},"author":18,"featured_media":0,"comment_status":"open","ping_status":"open","sticky":false,"template":"","format":"standard","meta":{"footnotes":""},"categories":[386],"tags":[],"class_list":["post-15817","post","type-post","status-publish","format-standard","hentry","category-mestrado-e-doutorado"],"_links":{"self":[{"href":"https:\/\/ufpr.br\/propg\/wp-json\/wp\/v2\/posts\/15817","targetHints":{"allow":["GET"]}}],"collection":[{"href":"https:\/\/ufpr.br\/propg\/wp-json\/wp\/v2\/posts"}],"about":[{"href":"https:\/\/ufpr.br\/propg\/wp-json\/wp\/v2\/types\/post"}],"author":[{"embeddable":true,"href":"https:\/\/ufpr.br\/propg\/wp-json\/wp\/v2\/users\/18"}],"replies":[{"embeddable":true,"href":"https:\/\/ufpr.br\/propg\/wp-json\/wp\/v2\/comments?post=15817"}],"version-history":[{"count":9,"href":"https:\/\/ufpr.br\/propg\/wp-json\/wp\/v2\/posts\/15817\/revisions"}],"predecessor-version":[{"id":19076,"href":"https:\/\/ufpr.br\/propg\/wp-json\/wp\/v2\/posts\/15817\/revisions\/19076"}],"wp:attachment":[{"href":"https:\/\/ufpr.br\/propg\/wp-json\/wp\/v2\/media?parent=15817"}],"wp:term":[{"taxonomy":"category","embeddable":true,"href":"https:\/\/ufpr.br\/propg\/wp-json\/wp\/v2\/categories?post=15817"},{"taxonomy":"post_tag","embeddable":true,"href":"https:\/\/ufpr.br\/propg\/wp-json\/wp\/v2\/tags?post=15817"}],"curies":[{"name":"wp","href":"https:\/\/api.w.org\/{rel}","templated":true}]}}