{"id":15659,"date":"2023-10-03T13:56:47","date_gmt":"2023-10-03T16:56:47","guid":{"rendered":"https:\/\/ufpr.br\/foto-predio-historico-mestres-e-doutores-2023"},"modified":"2025-12-02T09:43:02","modified_gmt":"2025-12-02T12:43:02","slug":"foto-predio-historico-mestres-e-doutores-2023","status":"publish","type":"post","link":"https:\/\/ufpr.br\/propg\/foto-predio-historico-mestres-e-doutores-2023\/","title":{"rendered":"[Foto no Pr\u00e9dio Hist\u00f3rico] Mestres e Doutores de 2023: dia 16\/out \u00e0s 14h"},"content":{"rendered":"\n<div class=\"wp-block-columns is-layout-flex wp-container-core-columns-is-layout-9d6595d7 wp-block-columns-is-layout-flex\">\n<div class=\"wp-block-column is-layout-flow wp-block-column-is-layout-flow\">\n<div class=\"wp-block-columns is-layout-flex wp-container-core-columns-is-layout-9d6595d7 wp-block-columns-is-layout-flex\">\n<div class=\"wp-block-column is-layout-flow wp-block-column-is-layout-flow\" style=\"flex-basis:50%\">\n<div class=\"wp-block-columns is-layout-flex wp-container-core-columns-is-layout-9d6595d7 wp-block-columns-is-layout-flex\">\n<div class=\"wp-block-column is-layout-flow wp-block-column-is-layout-flow\">\n<h2 class=\"wp-block-heading has-text-align-left has-background has-medium-font-size\" id=\"topo\" style=\"background-color:#e8ecf5\">SOLENIDADE<\/h2>\n\n\n\n<hr class=\"wp-block-separator has-text-color has-alpha-channel-opacity has-background is-style-wide\" style=\"background-color:#e8ecf5;color:#e8ecf5\"\/>\n\n\n\n<p>O Magn\u00edfico Reitor da Universidade Federal do Paran\u00e1, Professor Ricardo Marcelo Fonseca, tem a honra de convidar todos os <strong>estudantes titulados como mestres e doutores<\/strong> pela UFPR em 2023 para uma&nbsp;<strong>Foto Comemorativa na escadaria do Pr\u00e9dio Hist\u00f3rico<\/strong>&nbsp;e para a Solenidade de Abertura da 14\u00aa SIEPE &#8211; Semana Integrada de Ensino, Pesquisa e Extens\u00e3o da UFPR.<\/p>\n\n\n\n<p><strong>Data: <\/strong>16 de outubro de 2023<br><strong>Hor\u00e1rio: <\/strong>14 horas*<br><strong>Local: <\/strong>Pr\u00e9dio Hist\u00f3rico da UFPR &#8211; Pra\u00e7a Santos Andrade, 50, Centro, Curitiba &#8211; PR<\/p>\n\n\n\n<h2 class=\"wp-block-heading\">*Aten\u00e7\u00e3o: <\/h2>\n\n\n\n<p>Titulados que forem participar da foto dever\u00e3o chegar \u00e0s 13h30 para os preparativos<\/p>\n\n\n\n<figure class=\"wp-block-image size-full\"><img decoding=\"async\" src=\"https:\/\/ufpr.br\/propg\/wp-content\/uploads\/2023\/10\/convite-foto-predio-historico-pg-2023.png\" alt=\"\" class=\"wp-image-37058\"\/><\/figure>\n\n\n\n<hr class=\"wp-block-separator has-text-color has-alpha-channel-opacity has-background is-style-wide\" style=\"background-color:#e8ecf5;color:#e8ecf5\"\/>\n\n\n\n<p>Veja as fotos das turmas anteriores em:\u00a0<a href=\"https:\/\/ufpr.br\/propg\/cpgss\/fotos-dos-mestres-e-doutores-no-predio-historico-da-ufpr\/\">https:\/\/ufpr.br\/propg\/cpgss\/fotos-dos-mestres-e-doutores-no-predio-historico-da-ufpr\/<\/a><\/p>\n<\/div>\n<\/div>\n<\/div>\n\n\n\n<div class=\"wp-block-column is-layout-flow wp-block-column-is-layout-flow\" style=\"flex-basis:2%\"><\/div>\n\n\n\n<div class=\"wp-block-column is-layout-flow wp-block-column-is-layout-flow\" style=\"flex-basis:48%\">\n<div class=\"wp-block-columns is-layout-flex wp-container-core-columns-is-layout-9d6595d7 wp-block-columns-is-layout-flex\">\n<div class=\"wp-block-column is-layout-flow wp-block-column-is-layout-flow\">\n<h2 class=\"wp-block-heading has-text-align-left has-background has-medium-font-size\" id=\"alunos\" style=\"background-color:#e8ecf5\">PERGUNTAS E RESPOSTAS<\/h2>\n\n\n\n<hr class=\"wp-block-separator has-text-color has-alpha-channel-opacity has-background is-style-wide\" style=\"background-color:#e8ecf5;color:#e8ecf5\"\/>\n\n\n\n<details class=\"wp-block-details is-layout-flow wp-block-details-is-layout-flow\"><summary>Quais as orienta\u00e7\u00f5es para participar da foto?<\/summary>\n<p>Basta comparecer ao local na data e hor\u00e1rio especificados. Sugerimos que os participantes cheguem com 30 minutos de anteced\u00eancia para os preparativos da foto.<\/p>\n\n\n\n<hr class=\"wp-block-separator has-alpha-channel-opacity is-style-dots\"\/>\n<\/details>\n\n\n\n<details class=\"wp-block-details is-layout-flow wp-block-details-is-layout-flow\"><summary>\u00c9 necess\u00e1rio levar o diploma?<\/summary>\n<p>N\u00e3o. Basta comparecer ao local na data e hor\u00e1rio especificados.<\/p>\n\n\n\n<hr class=\"wp-block-separator has-alpha-channel-opacity is-style-dots\"\/>\n<\/details>\n\n\n\n<details class=\"wp-block-details is-layout-flow wp-block-details-is-layout-flow\"><summary>As fotos ser\u00e3o impressas?<\/summary>\n<p>N\u00e3o. As fotos n\u00e3o ser\u00e3o impressas.<\/p>\n\n\n\n<hr class=\"wp-block-separator has-alpha-channel-opacity is-style-dots\"\/>\n<\/details>\n\n\n\n<details class=\"wp-block-details is-layout-flow wp-block-details-is-layout-flow\"><summary>Haver\u00e1 emiss\u00e3o de Declara\u00e7\u00e3o de Comparecimento?<\/summary>\n<p>N\u00e3o haver\u00e1 emiss\u00e3o de declara\u00e7\u00e3o ou certificado.<\/p>\n\n\n\n<hr class=\"wp-block-separator has-alpha-channel-opacity is-style-dots\"\/>\n<\/details>\n\n\n\n<details class=\"wp-block-details is-layout-flow wp-block-details-is-layout-flow\"><summary>Onde ser\u00e3o publicadas as fotos?<\/summary>\n<p>No site da PROPG, em:<br><a href=\"https:\/\/ufpr.br\/propg\/cpgss\/fotos-dos-mestres-e-doutores-no-predio-historico-da-ufpr\/\">https:\/\/ufpr.br\/propg\/cpgss\/fotos-dos-mestres-e-doutores-no-predio-historico-da-ufpr\/<\/a><\/p>\n\n\n\n<hr class=\"wp-block-separator has-alpha-channel-opacity is-style-dots\"\/>\n<\/details>\n\n\n\n<details class=\"wp-block-details is-layout-flow wp-block-details-is-layout-flow\"><summary>Quem pode participar da foto?<\/summary>\n<p>Todos os alunos de p\u00f3s-gradua\u00e7\u00e3o titulados (que j\u00e1 tenham defendido) neste ano.<\/p>\n\n\n\n<hr class=\"wp-block-separator has-alpha-channel-opacity is-style-dots\"\/>\n<\/details>\n\n\n\n<h2 class=\"wp-block-heading\">D\u00favidas? <\/h2>\n\n\n\n<p>Entre em contato por e-mail: cpg@ufpr.br<\/p>\n\n\n\n<hr class=\"wp-block-separator has-text-color has-alpha-channel-opacity has-background is-style-wide\" style=\"background-color:#e8ecf5;color:#e8ecf5\"\/>\n\n\n\n<p class=\"has-text-color has-link-color wp-elements-16631d866001ae142cbdd3786f7ccd26\" style=\"color:#243673\"><strong><a title=\"\" href=\"#topo\">Voltar ao topo<\/a><\/strong><\/p>\n<\/div>\n<\/div>\n<\/div>\n<\/div>\n<\/div>\n<\/div>\n","protected":false},"excerpt":{"rendered":"<p>SOLENIDADE O Magn\u00edfico Reitor da Universidade Federal do Paran\u00e1, Professor Ricardo Marcelo Fonseca, tem a honra de convidar todos os estudantes titulados como mestres e doutores pela UFPR em 2023 para uma&nbsp;Foto Comemorativa na escadaria do Pr\u00e9dio Hist\u00f3rico&nbsp;e para a Solenidade de Abertura da 14\u00aa SIEPE &#8211; Semana Integrada de Ensino, Pesquisa e Extens\u00e3o da [&hellip;]<\/p>\n","protected":false},"author":16,"featured_media":0,"comment_status":"open","ping_status":"open","sticky":false,"template":"","format":"standard","meta":{"footnotes":""},"categories":[386],"tags":[],"class_list":["post-15659","post","type-post","status-publish","format-standard","hentry","category-mestrado-e-doutorado"],"_links":{"self":[{"href":"https:\/\/ufpr.br\/propg\/wp-json\/wp\/v2\/posts\/15659","targetHints":{"allow":["GET"]}}],"collection":[{"href":"https:\/\/ufpr.br\/propg\/wp-json\/wp\/v2\/posts"}],"about":[{"href":"https:\/\/ufpr.br\/propg\/wp-json\/wp\/v2\/types\/post"}],"author":[{"embeddable":true,"href":"https:\/\/ufpr.br\/propg\/wp-json\/wp\/v2\/users\/16"}],"replies":[{"embeddable":true,"href":"https:\/\/ufpr.br\/propg\/wp-json\/wp\/v2\/comments?post=15659"}],"version-history":[{"count":10,"href":"https:\/\/ufpr.br\/propg\/wp-json\/wp\/v2\/posts\/15659\/revisions"}],"predecessor-version":[{"id":19237,"href":"https:\/\/ufpr.br\/propg\/wp-json\/wp\/v2\/posts\/15659\/revisions\/19237"}],"wp:attachment":[{"href":"https:\/\/ufpr.br\/propg\/wp-json\/wp\/v2\/media?parent=15659"}],"wp:term":[{"taxonomy":"category","embeddable":true,"href":"https:\/\/ufpr.br\/propg\/wp-json\/wp\/v2\/categories?post=15659"},{"taxonomy":"post_tag","embeddable":true,"href":"https:\/\/ufpr.br\/propg\/wp-json\/wp\/v2\/tags?post=15659"}],"curies":[{"name":"wp","href":"https:\/\/api.w.org\/{rel}","templated":true}]}}