{"id":15624,"date":"2023-10-02T08:21:03","date_gmt":"2023-10-02T11:21:03","guid":{"rendered":"https:\/\/ufpr.br\/quadrienal-avaliacao-em-cursos-de-pos-graduacao-e-tema-do-podcapes"},"modified":"2025-12-02T09:43:10","modified_gmt":"2025-12-02T12:43:10","slug":"quadrienal-avaliacao-em-cursos-de-pos-graduacao-e-tema-do-podcapes","status":"publish","type":"post","link":"https:\/\/ufpr.br\/propg\/quadrienal-avaliacao-em-cursos-de-pos-graduacao-e-tema-do-podcapes\/","title":{"rendered":"[Quadrienal] Avalia\u00e7\u00e3o em cursos de p\u00f3s-gradua\u00e7\u00e3o \u00e9 tema do PodCAPES"},"content":{"rendered":"\n<h2 class=\"wp-block-heading\">Como funcionam os processos, como o assunto evoluiu ao longo dos anos, e quais a\u00e7\u00f5es a CAPES realiza est\u00e3o entre os assuntos apresentados <\/h2>\n\n\n\n<div style=\"height:25px\" aria-hidden=\"true\" class=\"wp-block-spacer\"><\/div>\n\n\n\n<div class=\"wp-block-columns is-layout-flex wp-container-core-columns-is-layout-9d6595d7 wp-block-columns-is-layout-flex\">\n<div class=\"wp-block-column is-layout-flow wp-block-column-is-layout-flow\" style=\"flex-basis:33.33%\"><div class=\"wp-block-image\">\n<figure class=\"aligncenter size-full\"><a href=\"https:\/\/www.youtube.com\/watch?v=z8skX_1WUSA\" target=\"_blank\" rel=\" noreferrer noopener\"><img decoding=\"async\" src=\"https:\/\/ufpr.br\/propg\/wp-content\/uploads\/2023\/10\/podcapes-300x154-1.jpg\" alt=\"\" class=\"wp-image-37030\"\/><\/a><figcaption class=\"wp-element-caption\">Fonte: CGCOM\/CAPES<\/figcaption><\/figure><\/div><\/div>\n\n\n\n<div class=\"wp-block-column is-layout-flow wp-block-column-is-layout-flow\" style=\"flex-basis:66.66%\">\n<p>O 4\u00b0 epis\u00f3dio do PodCAPES aborda o processo de avalia\u00e7\u00e3o da CAPES para os cursos de p\u00f3s-gradua\u00e7\u00e3o&nbsp;<em>stricto sensu&nbsp;<\/em>no Pa\u00eds. Os apresentadores, Anderson Andrade e Pedro Arcanjo, conversam com dois diretores da Funda\u00e7\u00e3o: Paulo Santos, de Avalia\u00e7\u00e3o, e Suzana Gomes, de Educa\u00e7\u00e3o a Dist\u00e2ncia.<\/p>\n\n\n\n<p>Al\u00e9m dos diretores, s\u00e3o entrevistadas tr\u00eas coordenadoras que explicam, em detalhes, a evolu\u00e7\u00e3o das avalia\u00e7\u00f5es feitas pela CAPES: Fabiene Ferreira, coordenadora-geral de Avalia\u00e7\u00e3o, Acompanhamento e Monitoramento da P\u00f3s-Gradua\u00e7\u00e3o, Talita Oliveira, coordenadora-geral de Processos de Suporte \u00e0 Avalia\u00e7\u00e3o, e Maria de Lourdes Neto, coordenadora-geral de Normatiza\u00e7\u00e3o.<\/p>\n\n\n\n<p>O epis\u00f3dio tamb\u00e9m conta com a participa\u00e7\u00e3o de Thiago Paix\u00e3o, coordenador de Avalia\u00e7\u00e3o da \u00c1rea de Qu\u00edmica, e Fl\u00e1via Cal\u00e9, representante da Associa\u00e7\u00e3o Nacional dos P\u00f3s-Graduandos (ANPG) no Conselho T\u00e9cnico-Cient\u00edfico da Educa\u00e7\u00e3o Superior (CTC-ES).<\/p>\n\n\n\n<p>O programa pode ser acessado no\u00a0<a href=\"https:\/\/youtu.be\/FMSKtU6qf2Q\" target=\"_blank\" rel=\"noreferrer noopener\">YouTube\u00a0<\/a>, no\u00a0<a href=\"https:\/\/open.spotify.com\/show\/44pEILvAiMopiNeJL01soG\" target=\"_blank\" rel=\"noreferrer noopener\">Spotify\u00a0<\/a>, na\u00a0<a href=\"https:\/\/music.amazon.com.br\/podcasts\/6ca199ab-acd5-4a3d-9b3b-d992bcde38f6\/podcapes---o-podcast-oficial-da-capes\" target=\"_blank\" rel=\"noreferrer noopener\">Amazon Music\u00a0<\/a>e no\u00a0<a href=\"https:\/\/podcasts.google.com\/feed\/aHR0cHM6Ly9hbmNob3IuZm0vcy9lMzFlNDgzOC9wb2RjYXN0L3Jzcw\" target=\"_blank\" rel=\"noreferrer noopener\">Google Cast\u00a0<\/a>.<\/p>\n\n\n\n<p><strong>Intera\u00e7\u00e3o\u00a0<\/strong>&#8211; O PodCAPES mant\u00e9m um canal aberto para a participa\u00e7\u00e3o dos ouvintes. Sugest\u00f5es de pauta e experi\u00eancias junto \u00e0 CAPES podem ser enviadas para o e-mail\u00a0<a href=\"mailto:podcapes@capes.gov.br\" target=\"_blank\" rel=\"noreferrer noopener\">podcapes@capes.gov.br<\/a><\/p>\n\n\n\n<p>Assista e divulgue o epis\u00f3dio: <a href=\"https:\/\/www.youtube.com\/watch?v=z8skX_1WUSA\" target=\"_blank\" rel=\"noreferrer noopener\">https:\/\/www.youtube.com\/watch?v=z8skX_1WUSA.<\/a><\/p>\n<\/div>\n<\/div>\n\n\n\n<p>&nbsp;<\/p>\n\n\n\n<p><\/p>\n","protected":false},"excerpt":{"rendered":"<p>Como funcionam os processos, como o assunto evoluiu ao longo dos anos, e quais a\u00e7\u00f5es a CAPES realiza est\u00e3o entre os assuntos apresentados O 4\u00b0 epis\u00f3dio do PodCAPES aborda o processo de avalia\u00e7\u00e3o da CAPES para os cursos de p\u00f3s-gradua\u00e7\u00e3o&nbsp;stricto sensu&nbsp;no Pa\u00eds. Os apresentadores, Anderson Andrade e Pedro Arcanjo, conversam com dois diretores da Funda\u00e7\u00e3o: [&hellip;]<\/p>\n","protected":false},"author":16,"featured_media":0,"comment_status":"open","ping_status":"open","sticky":false,"template":"","format":"standard","meta":{"footnotes":""},"categories":[386],"tags":[],"class_list":["post-15624","post","type-post","status-publish","format-standard","hentry","category-mestrado-e-doutorado"],"_links":{"self":[{"href":"https:\/\/ufpr.br\/propg\/wp-json\/wp\/v2\/posts\/15624","targetHints":{"allow":["GET"]}}],"collection":[{"href":"https:\/\/ufpr.br\/propg\/wp-json\/wp\/v2\/posts"}],"about":[{"href":"https:\/\/ufpr.br\/propg\/wp-json\/wp\/v2\/types\/post"}],"author":[{"embeddable":true,"href":"https:\/\/ufpr.br\/propg\/wp-json\/wp\/v2\/users\/16"}],"replies":[{"embeddable":true,"href":"https:\/\/ufpr.br\/propg\/wp-json\/wp\/v2\/comments?post=15624"}],"version-history":[{"count":8,"href":"https:\/\/ufpr.br\/propg\/wp-json\/wp\/v2\/posts\/15624\/revisions"}],"predecessor-version":[{"id":19239,"href":"https:\/\/ufpr.br\/propg\/wp-json\/wp\/v2\/posts\/15624\/revisions\/19239"}],"wp:attachment":[{"href":"https:\/\/ufpr.br\/propg\/wp-json\/wp\/v2\/media?parent=15624"}],"wp:term":[{"taxonomy":"category","embeddable":true,"href":"https:\/\/ufpr.br\/propg\/wp-json\/wp\/v2\/categories?post=15624"},{"taxonomy":"post_tag","embeddable":true,"href":"https:\/\/ufpr.br\/propg\/wp-json\/wp\/v2\/tags?post=15624"}],"curies":[{"name":"wp","href":"https:\/\/api.w.org\/{rel}","templated":true}]}}