{"id":15597,"date":"2023-09-15T13:20:20","date_gmt":"2023-09-15T16:20:20","guid":{"rendered":"https:\/\/ufpr.br\/processo-seletivo-mestrado-em-turismo-3"},"modified":"2025-12-02T09:36:09","modified_gmt":"2025-12-02T12:36:09","slug":"processo-seletivo-mestrado-em-turismo-3","status":"publish","type":"post","link":"https:\/\/ufpr.br\/propg\/processo-seletivo-mestrado-em-turismo-3\/","title":{"rendered":"[Processo Seletivo] Mestrado em Turismo"},"content":{"rendered":"\n<p>O Programa de P\u00f3s-gradua\u00e7\u00e3o em Turismo da Universidade Federal do Paran\u00e1 (PPG Turismo \u2013UFPR), no uso de suas atribui\u00e7\u00f5es legais, torna p\u00fablico que as inscri\u00e7\u00f5es para o curso de Mestrado do Programa de P\u00f3s-Gradua\u00e7\u00e3o em TURISMO estar\u00e3o abertas no per\u00edodo de 11 de setembro de 2023 a 06 de novembro de 2023.<\/p>\n\n\n\n<p>Informa\u00e7\u00f5es sobre o Processo Seletivo podem ser obtidas na p\u00e1gina\u00a0<a href=\"https:\/\/www.prppg.ufpr.br\/site\/ppgturismo\/pb\/processo-seletivo\/\" target=\"_blank\" rel=\"noreferrer noopener\">https:\/\/www.prppg.ufpr.br\/site\/ppgturismo\/pb\/processo-seletivo\/<\/a>\u00a0e pelo e- mail:\u00a0<a href=\"mailto:ppgturismo@ufpr.br\" target=\"_blank\" rel=\"noreferrer noopener\">ppgturismo@ufpr.br<\/a>.\u00a0<\/p>\n\n\n\n<p><\/p>\n","protected":false},"excerpt":{"rendered":"<p>O Programa de P\u00f3s-gradua\u00e7\u00e3o em Turismo da Universidade Federal do Paran\u00e1 (PPG Turismo \u2013UFPR), no uso de suas atribui\u00e7\u00f5es legais, torna p\u00fablico que as inscri\u00e7\u00f5es para o curso de Mestrado do Programa de P\u00f3s-Gradua\u00e7\u00e3o em TURISMO estar\u00e3o abertas no per\u00edodo de 11 de setembro de 2023 a 06 de novembro de 2023. Informa\u00e7\u00f5es sobre o [&hellip;]<\/p>\n","protected":false},"author":16,"featured_media":0,"comment_status":"open","ping_status":"open","sticky":false,"template":"","format":"standard","meta":{"footnotes":""},"categories":[381,386],"tags":[],"class_list":["post-15597","post","type-post","status-publish","format-standard","hentry","category-editais-e-processos-seletivos","category-mestrado-e-doutorado"],"_links":{"self":[{"href":"https:\/\/ufpr.br\/propg\/wp-json\/wp\/v2\/posts\/15597","targetHints":{"allow":["GET"]}}],"collection":[{"href":"https:\/\/ufpr.br\/propg\/wp-json\/wp\/v2\/posts"}],"about":[{"href":"https:\/\/ufpr.br\/propg\/wp-json\/wp\/v2\/types\/post"}],"author":[{"embeddable":true,"href":"https:\/\/ufpr.br\/propg\/wp-json\/wp\/v2\/users\/16"}],"replies":[{"embeddable":true,"href":"https:\/\/ufpr.br\/propg\/wp-json\/wp\/v2\/comments?post=15597"}],"version-history":[{"count":4,"href":"https:\/\/ufpr.br\/propg\/wp-json\/wp\/v2\/posts\/15597\/revisions"}],"predecessor-version":[{"id":19219,"href":"https:\/\/ufpr.br\/propg\/wp-json\/wp\/v2\/posts\/15597\/revisions\/19219"}],"wp:attachment":[{"href":"https:\/\/ufpr.br\/propg\/wp-json\/wp\/v2\/media?parent=15597"}],"wp:term":[{"taxonomy":"category","embeddable":true,"href":"https:\/\/ufpr.br\/propg\/wp-json\/wp\/v2\/categories?post=15597"},{"taxonomy":"post_tag","embeddable":true,"href":"https:\/\/ufpr.br\/propg\/wp-json\/wp\/v2\/tags?post=15597"}],"curies":[{"name":"wp","href":"https:\/\/api.w.org\/{rel}","templated":true}]}}