{"id":15277,"date":"2023-07-10T07:37:48","date_gmt":"2023-07-10T10:37:48","guid":{"rendered":"https:\/\/ufpr.br\/processo-seletivo-mestrado-e-doutorado-em-design"},"modified":"2025-12-02T09:32:05","modified_gmt":"2025-12-02T12:32:05","slug":"processo-seletivo-mestrado-e-doutorado-em-design","status":"publish","type":"post","link":"https:\/\/ufpr.br\/propg\/processo-seletivo-mestrado-e-doutorado-em-design\/","title":{"rendered":"[Processo Seletivo] Mestrado e Doutorado em Design"},"content":{"rendered":"\n<figure class=\"wp-block-image size-full\"><a href=\"https:\/\/www.prppg.ufpr.br\/site\/ppgdesign\/pb\/processo-seletivo\" target=\"_blank\" rel=\" noreferrer noopener\"><img decoding=\"async\" src=\"https:\/\/ufpr.br\/propg\/wp-content\/uploads\/2023\/07\/banner-site_selecao-ppgdesign-2024.png\" alt=\"\" class=\"wp-image-36719\"\/><\/a><\/figure>\n\n\n\n<p>&nbsp;<\/p>\n\n\n\n<p>Est\u00e3o abertas as inscri\u00e7\u00f5es para o Processo Seletivo de&nbsp;<strong>Mestrado&nbsp;<\/strong>e&nbsp;<strong>Doutorado&nbsp;<\/strong>de 2024 do Programa de&nbsp;<strong>P\u00f3s-Gradua\u00e7\u00e3o em Design<\/strong>&nbsp;da&nbsp;<strong>Universidade Federal do Paran\u00e1<\/strong>!<\/p>\n\n\n\n<p>As inscri\u00e7\u00f5es s\u00e3o gratuitas e podem ser realizadas at\u00e9 o dia<strong>&nbsp;23 de julho&nbsp;<\/strong>de 2023 pelo site do PPGDesign. O edital com todas as informa\u00e7\u00f5es e modelos de documentos necess\u00e1rios podem ser acessados atrav\u00e9s do site&nbsp;<a href=\"https:\/\/www.prppg.ufpr.br\/site\/ppgdesign\/pb\/processo-seletivo\/\" target=\"_blank\" rel=\"noreferrer noopener\">https:\/\/www.prppg.ufpr.br\/site\/ppgdesign\/pb\/processo-seletivo<\/a><br>\u2800\u2800\u2800\u2800\u2800\u2800\u2800\u2800<br>Para acompanhar as novidades sobre o processo seletivo e suas etapas, acompanhe o instagram&nbsp;<a href=\"https:\/\/www.instagram.com\/ppgdesign_ufpr\/\" target=\"_blank\" rel=\"noreferrer noopener\">@ppgdesign_ufpr<\/a><\/p>\n\n\n\n<p>&nbsp;<\/p>\n","protected":false},"excerpt":{"rendered":"<p>&nbsp; Est\u00e3o abertas as inscri\u00e7\u00f5es para o Processo Seletivo de&nbsp;Mestrado&nbsp;e&nbsp;Doutorado&nbsp;de 2024 do Programa de&nbsp;P\u00f3s-Gradua\u00e7\u00e3o em Design&nbsp;da&nbsp;Universidade Federal do Paran\u00e1! As inscri\u00e7\u00f5es s\u00e3o gratuitas e podem ser realizadas at\u00e9 o dia&nbsp;23 de julho&nbsp;de 2023 pelo site do PPGDesign. O edital com todas as informa\u00e7\u00f5es e modelos de documentos necess\u00e1rios podem ser acessados atrav\u00e9s do site&nbsp;https:\/\/www.prppg.ufpr.br\/site\/ppgdesign\/pb\/processo-seletivo\u2800\u2800\u2800\u2800\u2800\u2800\u2800\u2800Para acompanhar [&hellip;]<\/p>\n","protected":false},"author":16,"featured_media":0,"comment_status":"open","ping_status":"open","sticky":false,"template":"","format":"standard","meta":{"footnotes":""},"categories":[381,386],"tags":[],"class_list":["post-15277","post","type-post","status-publish","format-standard","hentry","category-editais-e-processos-seletivos","category-mestrado-e-doutorado"],"_links":{"self":[{"href":"https:\/\/ufpr.br\/propg\/wp-json\/wp\/v2\/posts\/15277","targetHints":{"allow":["GET"]}}],"collection":[{"href":"https:\/\/ufpr.br\/propg\/wp-json\/wp\/v2\/posts"}],"about":[{"href":"https:\/\/ufpr.br\/propg\/wp-json\/wp\/v2\/types\/post"}],"author":[{"embeddable":true,"href":"https:\/\/ufpr.br\/propg\/wp-json\/wp\/v2\/users\/16"}],"replies":[{"embeddable":true,"href":"https:\/\/ufpr.br\/propg\/wp-json\/wp\/v2\/comments?post=15277"}],"version-history":[{"count":7,"href":"https:\/\/ufpr.br\/propg\/wp-json\/wp\/v2\/posts\/15277\/revisions"}],"predecessor-version":[{"id":19199,"href":"https:\/\/ufpr.br\/propg\/wp-json\/wp\/v2\/posts\/15277\/revisions\/19199"}],"wp:attachment":[{"href":"https:\/\/ufpr.br\/propg\/wp-json\/wp\/v2\/media?parent=15277"}],"wp:term":[{"taxonomy":"category","embeddable":true,"href":"https:\/\/ufpr.br\/propg\/wp-json\/wp\/v2\/categories?post=15277"},{"taxonomy":"post_tag","embeddable":true,"href":"https:\/\/ufpr.br\/propg\/wp-json\/wp\/v2\/tags?post=15277"}],"curies":[{"name":"wp","href":"https:\/\/api.w.org\/{rel}","templated":true}]}}