{"id":15134,"date":"2023-06-05T14:49:03","date_gmt":"2023-06-05T17:49:03","guid":{"rendered":"https:\/\/ufpr.br\/processo-seletivo-mestrado-em-pratica-do-cuidado-em-saude"},"modified":"2025-12-02T09:29:33","modified_gmt":"2025-12-02T12:29:33","slug":"processo-seletivo-mestrado-em-pratica-do-cuidado-em-saude","status":"publish","type":"post","link":"https:\/\/ufpr.br\/propg\/processo-seletivo-mestrado-em-pratica-do-cuidado-em-saude\/","title":{"rendered":"[Processo Seletivo] Mestrado em Pr\u00e1tica do Cuidado em Sa\u00fade"},"content":{"rendered":"\n<div class=\"wp-block-columns is-layout-flex wp-container-core-columns-is-layout-9d6595d7 wp-block-columns-is-layout-flex\">\n<div class=\"wp-block-column is-layout-flow wp-block-column-is-layout-flow\">\n<p>Est\u00e3o abertas as inscri\u00e7\u00f5es para o processo seletivo do Programa de P\u00f3s-gradua\u00e7\u00e3o em Pr\u00e1tica do Cuidado em Sa\u00fade, <a href=\"https:\/\/siga.ufpr.br\/siga\/visitante\/processoseletivo\/index.jsp?sequencial=3659\" target=\"_blank\" rel=\"noreferrer noopener\">mestrado profissional<\/a>.<\/p>\n\n\n\n<p>Edital 05\/2023 \u2013 Processo Seletivo Regular:<br>17 vagas para Enfermeiros(as)<br>Inscri\u00e7\u00f5es: de 02\/06 a 09\/07\/2023<br>Link:&nbsp;<a href=\"https:\/\/siga.ufpr.br\/siga\/visitante\/processoseletivo\/index.jsp?sequencial=3659\">https:\/\/siga.ufpr.br\/siga\/visitante\/processoseletivo\/index.jsp?sequencial=3659<\/a><\/p>\n\n\n\n<p>Outras informa\u00e7\u00f5es no site do PPGPCS: <a href=\"https:\/\/www.prppg.ufpr.br\/site\/ppgenfprof\" target=\"_blank\" rel=\"noreferrer noopener\">https:\/\/www.prppg.ufpr.br\/site\/ppgenfprof<\/a><\/p>\n<\/div>\n\n\n\n<div class=\"wp-block-column is-layout-flow wp-block-column-is-layout-flow\">\n<figure class=\"wp-block-image size-full\"><a href=\"https:\/\/www.prppg.ufpr.br\/site\/ppgenfprof\/pb\/\" target=\"_blank\" rel=\" noreferrer noopener\"><img decoding=\"async\" src=\"https:\/\/ufpr.br\/propg\/wp-content\/uploads\/2023\/06\/processo-seletivo.jpg\" alt=\"\" class=\"wp-image-36648\"\/><\/a><\/figure>\n<\/div>\n<\/div>\n\n\n\n<p><\/p>\n","protected":false},"excerpt":{"rendered":"<p>Est\u00e3o abertas as inscri\u00e7\u00f5es para o processo seletivo do Programa de P\u00f3s-gradua\u00e7\u00e3o em Pr\u00e1tica do Cuidado em Sa\u00fade, mestrado profissional. Edital 05\/2023 \u2013 Processo Seletivo Regular:17 vagas para Enfermeiros(as)Inscri\u00e7\u00f5es: de 02\/06 a 09\/07\/2023Link:&nbsp;https:\/\/siga.ufpr.br\/siga\/visitante\/processoseletivo\/index.jsp?sequencial=3659 Outras informa\u00e7\u00f5es no site do PPGPCS: https:\/\/www.prppg.ufpr.br\/site\/ppgenfprof<\/p>\n","protected":false},"author":16,"featured_media":0,"comment_status":"open","ping_status":"open","sticky":false,"template":"","format":"standard","meta":{"footnotes":""},"categories":[381,386],"tags":[],"class_list":["post-15134","post","type-post","status-publish","format-standard","hentry","category-editais-e-processos-seletivos","category-mestrado-e-doutorado"],"_links":{"self":[{"href":"https:\/\/ufpr.br\/propg\/wp-json\/wp\/v2\/posts\/15134","targetHints":{"allow":["GET"]}}],"collection":[{"href":"https:\/\/ufpr.br\/propg\/wp-json\/wp\/v2\/posts"}],"about":[{"href":"https:\/\/ufpr.br\/propg\/wp-json\/wp\/v2\/types\/post"}],"author":[{"embeddable":true,"href":"https:\/\/ufpr.br\/propg\/wp-json\/wp\/v2\/users\/16"}],"replies":[{"embeddable":true,"href":"https:\/\/ufpr.br\/propg\/wp-json\/wp\/v2\/comments?post=15134"}],"version-history":[{"count":6,"href":"https:\/\/ufpr.br\/propg\/wp-json\/wp\/v2\/posts\/15134\/revisions"}],"predecessor-version":[{"id":19186,"href":"https:\/\/ufpr.br\/propg\/wp-json\/wp\/v2\/posts\/15134\/revisions\/19186"}],"wp:attachment":[{"href":"https:\/\/ufpr.br\/propg\/wp-json\/wp\/v2\/media?parent=15134"}],"wp:term":[{"taxonomy":"category","embeddable":true,"href":"https:\/\/ufpr.br\/propg\/wp-json\/wp\/v2\/categories?post=15134"},{"taxonomy":"post_tag","embeddable":true,"href":"https:\/\/ufpr.br\/propg\/wp-json\/wp\/v2\/tags?post=15134"}],"curies":[{"name":"wp","href":"https:\/\/api.w.org\/{rel}","templated":true}]}}