{"id":15102,"date":"2022-06-15T11:29:37","date_gmt":"2022-06-15T14:29:37","guid":{"rendered":"https:\/\/ufpr.br\/processo-seletivo-mestrado-e-doutorado-em-psicologia"},"modified":"2025-12-02T08:58:56","modified_gmt":"2025-12-02T11:58:56","slug":"processo-seletivo-mestrado-e-doutorado-em-psicologia","status":"publish","type":"post","link":"https:\/\/ufpr.br\/propg\/processo-seletivo-mestrado-e-doutorado-em-psicologia\/","title":{"rendered":"[Processo Seletivo] Mestrado e Doutorado em Psicologia"},"content":{"rendered":"\n<p>Est\u00e3o abertas, at\u00e9 o dia 14 de julho de 2022, as inscri\u00e7\u00f5es para o processo seletivo do Programa de P\u00f3s-Gradua\u00e7\u00e3o em Psicologia (PPGPSI) da UFPR, para o ingresso no primeiro semestre de 2023.<\/p>\n\n\n\n<p>O PPGPSI tem como objetivo geral formar o aluno para a pesquisa e para o ensino em Psicologia, partindo de uma reflex\u00e3o cr\u00edtica do saber cient\u00edfico em Psicologia, considerando sua multiplicidade de objetos e abordagens te\u00f3ricas e metodol\u00f3gicas.<\/p>\n\n\n\n<p>O Programa \u00e9 sustentado na configura\u00e7\u00e3o de um corpo docente destacado por sua forma\u00e7\u00e3o te\u00f3rica diversificada, interessado em campos de pesquisas distintos que abarcam planos epistemol\u00f3gicos e metodol\u00f3gicos m\u00faltiplos, o curso apresenta uma \u00c1rea de Concentra\u00e7\u00e3o \u2013 PSICOLOGIA \u2013 que se desdobra em quatro linhas de pesquisa e um projeto isolado:<\/p>\n\n\n\n<ul class=\"wp-block-list\">\n<li>An\u00e1lise do Comportamento<\/li>\n<\/ul>\n\n\n\n<ul class=\"wp-block-list\">\n<li>Avalia\u00e7\u00e3o e Reabilita\u00e7\u00e3o Neuropsicol\u00f3gica<\/li>\n<\/ul>\n\n\n\n<ul class=\"wp-block-list\">\n<li>Educa\u00e7\u00e3o, Trabalho e Subjetividade<\/li>\n<\/ul>\n\n\n\n<ul class=\"wp-block-list\">\n<li>Psicologia Cl\u00ednica<\/li>\n<\/ul>\n\n\n\n<ul class=\"wp-block-list\">\n<li>Psicologia do Tr\u00e2nsito: Avalia\u00e7\u00e3o e Preven\u00e7\u00e3o<\/li>\n<\/ul>\n\n\n\n<p>Mais informa\u00e7\u00f5es na p\u00e1gina:&nbsp;<a href=\"https:\/\/www.prppg.ufpr.br\/site\/ppgpsicologia\/pb\/processo-seletivo-2023-mestrado-e-doutorado\/\" target=\"_blank\" rel=\"noopener noreferrer\" data-saferedirecturl=\"https:\/\/www.google.com\/url?q=https:\/\/www.prppg.ufpr.br\/site\/ppgpsicologia\/pb\/processo-seletivo-2023-mestrado-e-doutorado\/&amp;source=gmail&amp;ust=1655389078522000&amp;usg=AOvVaw3WZi8_282nMttDu84mhsJU\">https:\/\/www.prppg.ufpr.br\/site\/ppgpsicologia\/pb\/processo-seletivo-2023-mestrado-e-doutorado\/<\/a><\/p>\n\n\n\n<p>&nbsp;<\/p>\n\n\n<div class=\"wp-block-image\">\n<figure class=\"aligncenter size-full is-resized\"><img decoding=\"async\" src=\"https:\/\/ufpr.br\/propg\/wp-content\/uploads\/2022\/06\/ppgpsi2.jpg\" alt=\"\" class=\"wp-image-34992\" style=\"width:500px\"\/><\/figure><\/div>\n\n\n<p><\/p>\n","protected":false},"excerpt":{"rendered":"<p>Est\u00e3o abertas, at\u00e9 o dia 14 de julho de 2022, as inscri\u00e7\u00f5es para o processo seletivo do Programa de P\u00f3s-Gradua\u00e7\u00e3o em Psicologia (PPGPSI) da UFPR, para o ingresso no primeiro semestre de 2023. O PPGPSI tem como objetivo geral formar o aluno para a pesquisa e para o ensino em Psicologia, partindo de uma reflex\u00e3o [&hellip;]<\/p>\n","protected":false},"author":16,"featured_media":0,"comment_status":"open","ping_status":"open","sticky":false,"template":"","format":"standard","meta":{"footnotes":""},"categories":[381,386],"tags":[],"class_list":["post-15102","post","type-post","status-publish","format-standard","hentry","category-editais-e-processos-seletivos","category-mestrado-e-doutorado"],"_links":{"self":[{"href":"https:\/\/ufpr.br\/propg\/wp-json\/wp\/v2\/posts\/15102","targetHints":{"allow":["GET"]}}],"collection":[{"href":"https:\/\/ufpr.br\/propg\/wp-json\/wp\/v2\/posts"}],"about":[{"href":"https:\/\/ufpr.br\/propg\/wp-json\/wp\/v2\/types\/post"}],"author":[{"embeddable":true,"href":"https:\/\/ufpr.br\/propg\/wp-json\/wp\/v2\/users\/16"}],"replies":[{"embeddable":true,"href":"https:\/\/ufpr.br\/propg\/wp-json\/wp\/v2\/comments?post=15102"}],"version-history":[{"count":6,"href":"https:\/\/ufpr.br\/propg\/wp-json\/wp\/v2\/posts\/15102\/revisions"}],"predecessor-version":[{"id":19035,"href":"https:\/\/ufpr.br\/propg\/wp-json\/wp\/v2\/posts\/15102\/revisions\/19035"}],"wp:attachment":[{"href":"https:\/\/ufpr.br\/propg\/wp-json\/wp\/v2\/media?parent=15102"}],"wp:term":[{"taxonomy":"category","embeddable":true,"href":"https:\/\/ufpr.br\/propg\/wp-json\/wp\/v2\/categories?post=15102"},{"taxonomy":"post_tag","embeddable":true,"href":"https:\/\/ufpr.br\/propg\/wp-json\/wp\/v2\/tags?post=15102"}],"curies":[{"name":"wp","href":"https:\/\/api.w.org\/{rel}","templated":true}]}}