{"id":15101,"date":"2022-06-01T18:31:59","date_gmt":"2022-06-01T21:31:59","guid":{"rendered":"https:\/\/ufpr.br\/edital-03-de-2022"},"modified":"2025-12-02T08:59:13","modified_gmt":"2025-12-02T11:59:13","slug":"edital-03-de-2022","status":"publish","type":"post","link":"https:\/\/ufpr.br\/propg\/edital-03-de-2022\/","title":{"rendered":"[Edital 03\/2022-PRPPG] Bolsa CAPES &#8211; aloca\u00e7\u00e3o de cota da PRPPG"},"content":{"rendered":"\n<p>Publicado o Edital 03\/2022-PRPPG\/SBA, que trata do processo Seletivo para aloca\u00e7\u00e3o de cota de bolsa CAPES da PRPPG (institu\u00edda atrav\u00e9s da Portaria CAPES n\u00ba 73\/2022). Acesse a chamada atrav\u00e9s do link: <a href=\"https:\/\/ufpr.br\/propg\/editais\/edital-03-2022-prppg-sba\/\">https:\/\/ufpr.br\/propg\/editais\/edital-03-2022-prppg-sba\/<\/a><\/p>\n","protected":false},"excerpt":{"rendered":"<p>Publicado o Edital 03\/2022-PRPPG\/SBA, que trata do processo Seletivo para aloca\u00e7\u00e3o de cota de bolsa CAPES da PRPPG (institu\u00edda atrav\u00e9s da Portaria CAPES n\u00ba 73\/2022). Acesse a chamada atrav\u00e9s do link: https:\/\/ufpr.br\/propg\/editais\/edital-03-2022-prppg-sba\/<\/p>\n","protected":false},"author":16,"featured_media":0,"comment_status":"open","ping_status":"open","sticky":false,"template":"","format":"standard","meta":{"footnotes":""},"categories":[381,386],"tags":[],"class_list":["post-15101","post","type-post","status-publish","format-standard","hentry","category-editais-e-processos-seletivos","category-mestrado-e-doutorado"],"_links":{"self":[{"href":"https:\/\/ufpr.br\/propg\/wp-json\/wp\/v2\/posts\/15101","targetHints":{"allow":["GET"]}}],"collection":[{"href":"https:\/\/ufpr.br\/propg\/wp-json\/wp\/v2\/posts"}],"about":[{"href":"https:\/\/ufpr.br\/propg\/wp-json\/wp\/v2\/types\/post"}],"author":[{"embeddable":true,"href":"https:\/\/ufpr.br\/propg\/wp-json\/wp\/v2\/users\/16"}],"replies":[{"embeddable":true,"href":"https:\/\/ufpr.br\/propg\/wp-json\/wp\/v2\/comments?post=15101"}],"version-history":[{"count":3,"href":"https:\/\/ufpr.br\/propg\/wp-json\/wp\/v2\/posts\/15101\/revisions"}],"predecessor-version":[{"id":19039,"href":"https:\/\/ufpr.br\/propg\/wp-json\/wp\/v2\/posts\/15101\/revisions\/19039"}],"wp:attachment":[{"href":"https:\/\/ufpr.br\/propg\/wp-json\/wp\/v2\/media?parent=15101"}],"wp:term":[{"taxonomy":"category","embeddable":true,"href":"https:\/\/ufpr.br\/propg\/wp-json\/wp\/v2\/categories?post=15101"},{"taxonomy":"post_tag","embeddable":true,"href":"https:\/\/ufpr.br\/propg\/wp-json\/wp\/v2\/tags?post=15101"}],"curies":[{"name":"wp","href":"https:\/\/api.w.org\/{rel}","templated":true}]}}