{"id":15095,"date":"2022-01-17T15:44:26","date_gmt":"2022-01-17T18:44:26","guid":{"rendered":"https:\/\/ufpr.br\/processo-seletivo-especializacao-em-tocoginecologia-avancada-turma-2022"},"modified":"2025-12-02T08:31:38","modified_gmt":"2025-12-02T11:31:38","slug":"processo-seletivo-especializacao-em-tocoginecologia-avancada-turma-2022","status":"publish","type":"post","link":"https:\/\/ufpr.br\/propg\/processo-seletivo-especializacao-em-tocoginecologia-avancada-turma-2022\/","title":{"rendered":"[Processo seletivo] Especializa\u00e7\u00e3o em Tocoginecologia Avan\u00e7ada &#8211; Turma 2022"},"content":{"rendered":"\n<p>A Coordena\u00e7\u00e3o do Programa de Especializa\u00e7\u00e3o em Tocoginecologia Avan\u00e7ada, do Departamento de Tocoginecologia, do Setor de Ci\u00eancias da Sa\u00fade da UFPR, no uso de suas atribui\u00e7\u00f5es, publica a sele\u00e7\u00e3o 2022.<\/p>\n\n\n\n<p><strong>O per\u00edodo de inscri\u00e7\u00f5es ser\u00e1 do dia: 06 ao dia 31 de janeiro de 2022<\/strong>, por meio exclusivo da p\u00e1gina eletr\u00f4nica do Curso de Especializa\u00e7\u00e3o em Tocoginecologia Avan\u00e7ada -UFPR<\/p>\n\n\n\n<p><a href=\"https:\/\/siga.ufpr.br\/siga\/visitante\/processoseletivo\/index.jsp?sequencial=2825\" target=\"_blank\" rel=\"noreferrer noopener\">https:\/\/siga.ufpr.br\/siga\/visitante\/processoseletivo\/index.jsp?sequencial=2825<\/a><\/p>\n","protected":false},"excerpt":{"rendered":"<p>A Coordena\u00e7\u00e3o do Programa de Especializa\u00e7\u00e3o em Tocoginecologia Avan\u00e7ada, do Departamento de Tocoginecologia, do Setor de Ci\u00eancias da Sa\u00fade da UFPR, no uso de suas atribui\u00e7\u00f5es, publica a sele\u00e7\u00e3o 2022. O per\u00edodo de inscri\u00e7\u00f5es ser\u00e1 do dia: 06 ao dia 31 de janeiro de 2022, por meio exclusivo da p\u00e1gina eletr\u00f4nica do Curso de Especializa\u00e7\u00e3o [&hellip;]<\/p>\n","protected":false},"author":25,"featured_media":0,"comment_status":"open","ping_status":"open","sticky":false,"template":"","format":"standard","meta":{"footnotes":""},"categories":[381,382],"tags":[],"class_list":["post-15095","post","type-post","status-publish","format-standard","hentry","category-editais-e-processos-seletivos","category-especializacao-e-residencia"],"_links":{"self":[{"href":"https:\/\/ufpr.br\/propg\/wp-json\/wp\/v2\/posts\/15095","targetHints":{"allow":["GET"]}}],"collection":[{"href":"https:\/\/ufpr.br\/propg\/wp-json\/wp\/v2\/posts"}],"about":[{"href":"https:\/\/ufpr.br\/propg\/wp-json\/wp\/v2\/types\/post"}],"author":[{"embeddable":true,"href":"https:\/\/ufpr.br\/propg\/wp-json\/wp\/v2\/users\/25"}],"replies":[{"embeddable":true,"href":"https:\/\/ufpr.br\/propg\/wp-json\/wp\/v2\/comments?post=15095"}],"version-history":[{"count":4,"href":"https:\/\/ufpr.br\/propg\/wp-json\/wp\/v2\/posts\/15095\/revisions"}],"predecessor-version":[{"id":18980,"href":"https:\/\/ufpr.br\/propg\/wp-json\/wp\/v2\/posts\/15095\/revisions\/18980"}],"wp:attachment":[{"href":"https:\/\/ufpr.br\/propg\/wp-json\/wp\/v2\/media?parent=15095"}],"wp:term":[{"taxonomy":"category","embeddable":true,"href":"https:\/\/ufpr.br\/propg\/wp-json\/wp\/v2\/categories?post=15095"},{"taxonomy":"post_tag","embeddable":true,"href":"https:\/\/ufpr.br\/propg\/wp-json\/wp\/v2\/tags?post=15095"}],"curies":[{"name":"wp","href":"https:\/\/api.w.org\/{rel}","templated":true}]}}