{"id":15083,"date":"2021-05-18T19:21:50","date_gmt":"2021-05-18T22:21:50","guid":{"rendered":"https:\/\/ufpr.br\/edital-2021-classificacao-dos-docentes-aprovados-ict"},"modified":"2025-12-02T08:11:10","modified_gmt":"2025-12-02T11:11:10","slug":"edital-2021-classificacao-dos-docentes-aprovados-ict","status":"publish","type":"post","link":"https:\/\/ufpr.br\/propg\/edital-2021-classificacao-dos-docentes-aprovados-ict\/","title":{"rendered":"[Edital 2021] Classifica\u00e7\u00e3o dos Docentes Aprovados ICT"},"content":{"rendered":"\n<p><span style=\"color: initial;\">A Coordena\u00e7\u00e3o de Inicia\u00e7\u00e3o Cient\u00edfica e Tecnol\u00f3gica informa que j\u00e1 est\u00e1 dispon\u00edvel o <\/span><b style=\"color: initial;\">Resultado\u00a0\u2013 Classifica\u00e7\u00e3o dos Docentes Aprovados\u00a0para o Edital 2021<\/b><span style=\"color: initial;\">, em\u00a0<\/span><a href=\"https:\/\/ufpr.br\/propg\/ict\/resultados\/\" target=\"_blank\" rel=\"noreferrer noopener\">https:\/\/ufpr.br\/propg\/ict\/resultados\/<\/a><\/p>\n\n\n\n<h4 class=\"wp-block-heading\">Orienta\u00e7\u00f5es para Recursos:<\/h4>\n\n\n\n<p>Os recursos poder\u00e3o ser interpostos no per\u00edodo de 19\/05\/2021\u00a0a 20\/05\/2021\u00a0atrav\u00e9s do link de recurso dispon\u00edvel na p\u00e1gina inicial do sistema SICT (https:\/\/www.prppg.ufpr.br\/sict\/).<\/p>\n\n\n\n<p>Caso tenha alguma d\u00favida quanto a sua classifica\u00e7\u00e3o, entre em contato com o representante do seu Setor no Comit\u00ea Assessor de IC (CAIC \u2013\u00a0<a href=\"https:\/\/ufpr.br\/propg\/ict\/comite-assessor-de-iniciacao-cientifica\/\">https:\/\/ufpr.br\/propg\/ict\/comite-assessor-de-iniciacao-cientifica\/<\/a>).<\/p>\n\n\n\n<p>&nbsp;<\/p>\n","protected":false},"excerpt":{"rendered":"<p>A Coordena\u00e7\u00e3o de Inicia\u00e7\u00e3o Cient\u00edfica e Tecnol\u00f3gica informa que j\u00e1 est\u00e1 dispon\u00edvel o Resultado\u00a0\u2013 Classifica\u00e7\u00e3o dos Docentes Aprovados\u00a0para o Edital 2021, em\u00a0https:\/\/ufpr.br\/propg\/ict\/resultados\/ Orienta\u00e7\u00f5es para Recursos: Os recursos poder\u00e3o ser interpostos no per\u00edodo de 19\/05\/2021\u00a0a 20\/05\/2021\u00a0atrav\u00e9s do link de recurso dispon\u00edvel na p\u00e1gina inicial do sistema SICT (https:\/\/www.prppg.ufpr.br\/sict\/). Caso tenha alguma d\u00favida quanto a sua classifica\u00e7\u00e3o, [&hellip;]<\/p>\n","protected":false},"author":17,"featured_media":0,"comment_status":"open","ping_status":"open","sticky":false,"template":"","format":"standard","meta":{"footnotes":""},"categories":[381,384],"tags":[],"class_list":["post-15083","post","type-post","status-publish","format-standard","hentry","category-editais-e-processos-seletivos","category-iniciacao-cientifica-e-tecnologica"],"_links":{"self":[{"href":"https:\/\/ufpr.br\/propg\/wp-json\/wp\/v2\/posts\/15083","targetHints":{"allow":["GET"]}}],"collection":[{"href":"https:\/\/ufpr.br\/propg\/wp-json\/wp\/v2\/posts"}],"about":[{"href":"https:\/\/ufpr.br\/propg\/wp-json\/wp\/v2\/types\/post"}],"author":[{"embeddable":true,"href":"https:\/\/ufpr.br\/propg\/wp-json\/wp\/v2\/users\/17"}],"replies":[{"embeddable":true,"href":"https:\/\/ufpr.br\/propg\/wp-json\/wp\/v2\/comments?post=15083"}],"version-history":[{"count":4,"href":"https:\/\/ufpr.br\/propg\/wp-json\/wp\/v2\/posts\/15083\/revisions"}],"predecessor-version":[{"id":18932,"href":"https:\/\/ufpr.br\/propg\/wp-json\/wp\/v2\/posts\/15083\/revisions\/18932"}],"wp:attachment":[{"href":"https:\/\/ufpr.br\/propg\/wp-json\/wp\/v2\/media?parent=15083"}],"wp:term":[{"taxonomy":"category","embeddable":true,"href":"https:\/\/ufpr.br\/propg\/wp-json\/wp\/v2\/categories?post=15083"},{"taxonomy":"post_tag","embeddable":true,"href":"https:\/\/ufpr.br\/propg\/wp-json\/wp\/v2\/tags?post=15083"}],"curies":[{"name":"wp","href":"https:\/\/api.w.org\/{rel}","templated":true}]}}