{"id":15070,"date":"2021-01-29T17:42:20","date_gmt":"2021-01-29T20:42:20","guid":{"rendered":"https:\/\/ufpr.br\/edital-2021-aviso-importante-inscricoes-abrirao-08-02-2021"},"modified":"2025-12-02T07:59:27","modified_gmt":"2025-12-02T10:59:27","slug":"edital-2021-aviso-importante-inscricoes-abrirao-08-02-2021","status":"publish","type":"post","link":"https:\/\/ufpr.br\/propg\/edital-2021-aviso-importante-inscricoes-abrirao-08-02-2021\/","title":{"rendered":"[Edital 2021] AVISO IMPORTANTE &#8211; Inscri\u00e7\u00f5es abrir\u00e3o 08\/02\/2021"},"content":{"rendered":"\n<p>A Coordena\u00e7\u00e3o de Inicia\u00e7\u00e3o Cient\u00edfica e Tecnol\u00f3gica informa que em raz\u00e3o da necessidade de atualiza\u00e7\u00f5es no SICT, as inscri\u00e7\u00f5es para o Edital de Inicia\u00e7\u00e3o Cient\u00edfica e Tecnol\u00f3gica ter\u00e3o in\u00edcio no dia 08 de fevereiro.<\/p>\n","protected":false},"excerpt":{"rendered":"<p>A Coordena\u00e7\u00e3o de Inicia\u00e7\u00e3o Cient\u00edfica e Tecnol\u00f3gica informa que em raz\u00e3o da necessidade de atualiza\u00e7\u00f5es no SICT, as inscri\u00e7\u00f5es para o Edital de Inicia\u00e7\u00e3o Cient\u00edfica e Tecnol\u00f3gica ter\u00e3o in\u00edcio no dia 08 de fevereiro.<\/p>\n","protected":false},"author":17,"featured_media":0,"comment_status":"open","ping_status":"open","sticky":false,"template":"","format":"standard","meta":{"footnotes":""},"categories":[381,384],"tags":[],"class_list":["post-15070","post","type-post","status-publish","format-standard","hentry","category-editais-e-processos-seletivos","category-iniciacao-cientifica-e-tecnologica"],"_links":{"self":[{"href":"https:\/\/ufpr.br\/propg\/wp-json\/wp\/v2\/posts\/15070","targetHints":{"allow":["GET"]}}],"collection":[{"href":"https:\/\/ufpr.br\/propg\/wp-json\/wp\/v2\/posts"}],"about":[{"href":"https:\/\/ufpr.br\/propg\/wp-json\/wp\/v2\/types\/post"}],"author":[{"embeddable":true,"href":"https:\/\/ufpr.br\/propg\/wp-json\/wp\/v2\/users\/17"}],"replies":[{"embeddable":true,"href":"https:\/\/ufpr.br\/propg\/wp-json\/wp\/v2\/comments?post=15070"}],"version-history":[{"count":3,"href":"https:\/\/ufpr.br\/propg\/wp-json\/wp\/v2\/posts\/15070\/revisions"}],"predecessor-version":[{"id":18862,"href":"https:\/\/ufpr.br\/propg\/wp-json\/wp\/v2\/posts\/15070\/revisions\/18862"}],"wp:attachment":[{"href":"https:\/\/ufpr.br\/propg\/wp-json\/wp\/v2\/media?parent=15070"}],"wp:term":[{"taxonomy":"category","embeddable":true,"href":"https:\/\/ufpr.br\/propg\/wp-json\/wp\/v2\/categories?post=15070"},{"taxonomy":"post_tag","embeddable":true,"href":"https:\/\/ufpr.br\/propg\/wp-json\/wp\/v2\/tags?post=15070"}],"curies":[{"name":"wp","href":"https:\/\/api.w.org\/{rel}","templated":true}]}}