{"id":15060,"date":"2020-09-09T17:46:22","date_gmt":"2020-09-09T20:46:22","guid":{"rendered":"https:\/\/ufpr.br\/live-impactos"},"modified":"2025-12-01T16:19:49","modified_gmt":"2025-12-01T19:19:49","slug":"live-impactos","status":"publish","type":"post","link":"https:\/\/ufpr.br\/propg\/live-impactos\/","title":{"rendered":"[Live] Palestra: Impacto Econ\u00f4mico, Social e Cultural do Programa"},"content":{"rendered":"\n<figure class=\"wp-block-image size-large\"><img decoding=\"async\" src=\"https:\/\/ufpr.br\/propg\/wp-content\/uploads\/2024\/12\/banner-palestra-impacto-econmico-social-e-cultural-do-programa-site-prppg-1024x340.jpg\" alt=\"\" class=\"wp-image-5218\"\/><\/figure>\n\n\n\n<div style=\"height:15px\" aria-hidden=\"true\" class=\"wp-block-spacer\"><\/div>\n\n\n\n<h2 class=\"wp-block-heading\">Live com prof. Antonio Eduardo Matinelli: Impacto Econ\u00f4mico, Social e Cultural do PPG\u00a0\u00a0<\/h2>\n\n\n\n<p>A CAPES est\u00e1 propondo um <b>novo<\/b>\u00a0<strong>modelo multidimensional de avalia\u00e7\u00e3o<\/strong>. Este modelo vigorar\u00e1 nesta pr\u00f3xima avalia\u00e7\u00e3o e \u00e9 fundamental que todos conhe\u00e7am sua concep\u00e7\u00e3o e pressupostos, bem como os poss\u00edveis impactos na avalia\u00e7\u00e3o .<\/p>\n\n\n\n<p>Nesta oportunidade, recebemos o professor <strong>Ant\u00f4nio Eduardo Martinelli<\/strong>, docente titular da Universidade Federal do Rio Grande do Norte (UFRN), membro do CTC-Capes, coordenador da \u00e1rea de avalia\u00e7\u00e3o Materiais na Capes, coordenador do Grupo de Trabalho Impacto e Relev\u00e2ncia Econ\u00f4mica e Social, respons\u00e1vel por estudos para elabora\u00e7\u00e3o da nova ficha de avalia\u00e7\u00e3o.<\/p>\n\n\n\n<div style=\"height:15px\" aria-hidden=\"true\" class=\"wp-block-spacer\"><\/div>\n\n\n<div class=\"wp-block-image\">\n<figure class=\"alignleft size-large is-resized\"><img decoding=\"async\" src=\"https:\/\/ufpr.br\/propg\/wp-content\/uploads\/2024\/12\/flyer-impacto-econmico-social-e-cultural-do-programa-1024x1024.jpg\" alt=\"\" class=\"wp-image-14874\" style=\"width:400px\"\/><\/figure><\/div>\n\n\n<div style=\"height:25px\" aria-hidden=\"true\" class=\"wp-block-spacer\"><\/div>\n\n\n\n<p>Os participantes ter\u00e3o oportunidade de&nbsp;<strong>enviar suas d\u00favidas<\/strong>.<\/p>\n\n\n\n<p>Envie sua pergunta:&nbsp;<strong><a href=\"https:\/\/forms.gle\/hnBMHmWJAhXs9qen8\" target=\"_blank\" rel=\"noreferrer noopener\">https:\/\/forms.gle\/hnBMHmWJAhXs9qen8<\/a><\/strong><\/p>\n\n\n\n<h2 class=\"wp-block-heading\">Agenda<\/h2>\n\n\n\n<p>[Live] Palestra: Impacto Econ\u00f4mico, Social e Cultural do Programa<br>Palestrante:\u00a0<strong>Eduardo Martinelli<\/strong>\u00a0\u2013 CTC \u2013 UFRN<br>Quando: dia<strong>\u00a011.09.2020, \u00e0s 09:00h\u00a0<\/strong>(sexta-feira)<br>Onde:\u00a0<strong><a href=\"http:\/\/www.youtube.com\/CPGSS\" target=\"_blank\" rel=\"noreferrer noopener\">youtube.com\/CPGSS<\/a><\/strong><br><strong><a href=\"https:\/\/www.youtube.com\/watch?v=L0paXvW4fDk\" target=\"_blank\" rel=\"noreferrer noopener\">Live dispon\u00edvel aqui<\/a><\/strong><\/p>\n\n\n\n<h2 class=\"wp-block-heading\">Material de apoio<\/h2>\n\n\n\n<ul class=\"wp-block-list\">\n<li><a href=\"https:\/\/www.capes.gov.br\/images\/RELATORIOS_GTS\/2020-01-03_Relat%C3%B3rio_GT-Impacto-e-Relevancia-Economica-e-Social.pdf\" target=\"_blank\" rel=\"noreferrer noopener\">Relat\u00f3rio GT CAPES: Impacto e Relev\u00e2ncia Econ\u00f4mica Social<\/a><\/li>\n\n\n\n<li><a href=\"https:\/\/ufpr.br\/propg\/wp-content\/uploads\/2024\/12\/martinelli-impacto-live-slides.pdf\" target=\"_blank\" rel=\"noreferrer noopener\">Apresenta\u00e7\u00e3o Impacto Econ\u00f4mico, Social e Cultural do Programa<\/a><\/li>\n<\/ul>\n\n\n\n<h2 class=\"wp-block-heading\">Material de divulga\u00e7\u00e3o do evento<\/h2>\n\n\n\n<ul class=\"wp-block-list\">\n<li><a href=\"https:\/\/ufpr.br\/propg\/wp-content\/uploads\/2024\/12\/flyer-impacto-econmico-social-e-cultural-do-programa.jpg\" target=\"_blank\" rel=\"noreferrer noopener\">Flyer<\/a> <\/li>\n\n\n\n<li><a href=\"https:\/\/ufpr.br\/propg\/wp-content\/uploads\/2024\/12\/impacto-econmico-social-e-cultural-do-programa-tela-live-youtube-agendamento.jpg\" target=\"_blank\" rel=\"noreferrer noopener\">Banner Youtube<\/a> <\/li>\n\n\n\n<li><a href=\"https:\/\/ufpr.br\/propg\/wp-content\/uploads\/2024\/12\/banner-palestra-impacto-econmico-social-e-cultural-do-programa-site-prppg.jpg\" target=\"_blank\" rel=\"noreferrer noopener\">Banner site PRPPG<\/a> <\/li>\n\n\n\n<li><a href=\"https:\/\/ufpr.br\/eventos\/palestra-online-discute-impacto-economico-social-e-cultural-dos-programas-de-pos-graduacao-11-de-setembro\/\" target=\"_blank\" rel=\"noreferrer noopener\">Mat\u00e9ria no site da UFPR<\/a><\/li>\n<\/ul>\n\n\n\n<h2 class=\"wp-block-heading\">Saiba mais<\/h2>\n\n\n\n<p>Todas as informa\u00e7\u00f5es (incluindo a programa\u00e7\u00e3o para novos eventos, acervo do que j\u00e1 foi realizado e materiais disponibilizados durante as apresenta\u00e7\u00f5es) podem ser consultadas em:<\/p>\n\n\n\n<p><a href=\"https:\/\/ufpr.br\/propg\/cpgss\/planejamento-estrategico\/programacao-eventos\/\">https:\/\/ufpr.br\/propg\/cpgss\/planejamento-estrategico\/programacao-eventos\/<\/a><\/p>\n\n\n\n<h6 class=\"wp-block-heading\">\u00a0\u00a0<\/h6>\n\n\n\n<p><\/p>\n","protected":false},"excerpt":{"rendered":"<p>Live com prof. Antonio Eduardo Matinelli: Impacto Econ\u00f4mico, Social e Cultural do PPG\u00a0\u00a0 A CAPES est\u00e1 propondo um novo\u00a0modelo multidimensional de avalia\u00e7\u00e3o. Este modelo vigorar\u00e1 nesta pr\u00f3xima avalia\u00e7\u00e3o e \u00e9 fundamental que todos conhe\u00e7am sua concep\u00e7\u00e3o e pressupostos, bem como os poss\u00edveis impactos na avalia\u00e7\u00e3o . Nesta oportunidade, recebemos o professor Ant\u00f4nio Eduardo Martinelli, docente [&hellip;]<\/p>\n","protected":false},"author":16,"featured_media":0,"comment_status":"open","ping_status":"open","sticky":false,"template":"","format":"standard","meta":{"footnotes":""},"categories":[386],"tags":[],"class_list":["post-15060","post","type-post","status-publish","format-standard","hentry","category-mestrado-e-doutorado"],"_links":{"self":[{"href":"https:\/\/ufpr.br\/propg\/wp-json\/wp\/v2\/posts\/15060","targetHints":{"allow":["GET"]}}],"collection":[{"href":"https:\/\/ufpr.br\/propg\/wp-json\/wp\/v2\/posts"}],"about":[{"href":"https:\/\/ufpr.br\/propg\/wp-json\/wp\/v2\/types\/post"}],"author":[{"embeddable":true,"href":"https:\/\/ufpr.br\/propg\/wp-json\/wp\/v2\/users\/16"}],"replies":[{"embeddable":true,"href":"https:\/\/ufpr.br\/propg\/wp-json\/wp\/v2\/comments?post=15060"}],"version-history":[{"count":6,"href":"https:\/\/ufpr.br\/propg\/wp-json\/wp\/v2\/posts\/15060\/revisions"}],"predecessor-version":[{"id":18823,"href":"https:\/\/ufpr.br\/propg\/wp-json\/wp\/v2\/posts\/15060\/revisions\/18823"}],"wp:attachment":[{"href":"https:\/\/ufpr.br\/propg\/wp-json\/wp\/v2\/media?parent=15060"}],"wp:term":[{"taxonomy":"category","embeddable":true,"href":"https:\/\/ufpr.br\/propg\/wp-json\/wp\/v2\/categories?post=15060"},{"taxonomy":"post_tag","embeddable":true,"href":"https:\/\/ufpr.br\/propg\/wp-json\/wp\/v2\/tags?post=15060"}],"curies":[{"name":"wp","href":"https:\/\/api.w.org\/{rel}","templated":true}]}}