{"id":15034,"date":"2023-05-19T16:22:48","date_gmt":"2023-05-19T19:22:48","guid":{"rendered":"https:\/\/ufpr.br\/edital-2023-classificacao-dos-docentes-aprovados-ict"},"modified":"2025-12-02T09:26:25","modified_gmt":"2025-12-02T12:26:25","slug":"edital-2023-classificacao-dos-docentes-aprovados-ict","status":"publish","type":"post","link":"https:\/\/ufpr.br\/propg\/edital-2023-classificacao-dos-docentes-aprovados-ict\/","title":{"rendered":"[Edital 2023] Classifica\u00e7\u00e3o dos Docentes Aprovados ICT"},"content":{"rendered":"\n<p>A Coordenadoria de Inicia\u00e7\u00e3o Cient\u00edfica e Tecnol\u00f3gica informa que j\u00e1 est\u00e1 dispon\u00edvel o Resultado de Classifica\u00e7\u00e3o dos Docentes Aprovados para o Edital 2023, em <a href=\"https:\/\/ufpr.br\/propg\/ict\/resultados\/\" target=\"_blank\" rel=\"noreferrer noopener\">https:\/\/ufpr.br\/propg\/ict\/resultados\/<\/a>.<\/p>\n\n\n\n<h2 class=\"wp-block-heading\">Orienta\u00e7\u00f5es para Recursos:<\/h2>\n\n\n\n<p>Os recursos poder\u00e3o ser interpostos no per\u00edodo de 19\/05\/2023 a 23\/05\/2023 atrav\u00e9s do link de recurso dispon\u00edvel na p\u00e1gina https:\/\/www.prppg.ufpr.br\/sict\/<\/p>\n\n\n\n<hr class=\"wp-block-separator has-text-color has-cyan-bluish-gray-color has-alpha-channel-opacity has-cyan-bluish-gray-background-color has-background is-style-wide\"\/>\n\n\n\n<p>Caso tenha alguma d\u00favida quanto a sua classifica\u00e7\u00e3o, entre em contato com o representante do seu Setor no Comit\u00ea Assessor de IC (CAIC \u2013 <a href=\"https:\/\/ufpr.br\/propg\/ict\/comite-assessor-de-iniciacao-cientifica\/\" target=\"_blank\" rel=\"noreferrer noopener\">https:\/\/ufpr.br\/propg\/ict\/comite-assessor-de-iniciacao-cientifica\/<\/a>).<\/p>\n","protected":false},"excerpt":{"rendered":"<p>A Coordenadoria de Inicia\u00e7\u00e3o Cient\u00edfica e Tecnol\u00f3gica informa que j\u00e1 est\u00e1 dispon\u00edvel o Resultado de Classifica\u00e7\u00e3o dos Docentes Aprovados para o Edital 2023, em https:\/\/ufpr.br\/propg\/ict\/resultados\/. Orienta\u00e7\u00f5es para Recursos: Os recursos poder\u00e3o ser interpostos no per\u00edodo de 19\/05\/2023 a 23\/05\/2023 atrav\u00e9s do link de recurso dispon\u00edvel na p\u00e1gina https:\/\/www.prppg.ufpr.br\/sict\/ Caso tenha alguma d\u00favida quanto a sua [&hellip;]<\/p>\n","protected":false},"author":17,"featured_media":0,"comment_status":"open","ping_status":"open","sticky":false,"template":"","format":"standard","meta":{"footnotes":""},"categories":[381,384],"tags":[],"class_list":["post-15034","post","type-post","status-publish","format-standard","hentry","category-editais-e-processos-seletivos","category-iniciacao-cientifica-e-tecnologica"],"_links":{"self":[{"href":"https:\/\/ufpr.br\/propg\/wp-json\/wp\/v2\/posts\/15034","targetHints":{"allow":["GET"]}}],"collection":[{"href":"https:\/\/ufpr.br\/propg\/wp-json\/wp\/v2\/posts"}],"about":[{"href":"https:\/\/ufpr.br\/propg\/wp-json\/wp\/v2\/types\/post"}],"author":[{"embeddable":true,"href":"https:\/\/ufpr.br\/propg\/wp-json\/wp\/v2\/users\/17"}],"replies":[{"embeddable":true,"href":"https:\/\/ufpr.br\/propg\/wp-json\/wp\/v2\/comments?post=15034"}],"version-history":[{"count":4,"href":"https:\/\/ufpr.br\/propg\/wp-json\/wp\/v2\/posts\/15034\/revisions"}],"predecessor-version":[{"id":19171,"href":"https:\/\/ufpr.br\/propg\/wp-json\/wp\/v2\/posts\/15034\/revisions\/19171"}],"wp:attachment":[{"href":"https:\/\/ufpr.br\/propg\/wp-json\/wp\/v2\/media?parent=15034"}],"wp:term":[{"taxonomy":"category","embeddable":true,"href":"https:\/\/ufpr.br\/propg\/wp-json\/wp\/v2\/categories?post=15034"},{"taxonomy":"post_tag","embeddable":true,"href":"https:\/\/ufpr.br\/propg\/wp-json\/wp\/v2\/tags?post=15034"}],"curies":[{"name":"wp","href":"https:\/\/api.w.org\/{rel}","templated":true}]}}