{"id":15027,"date":"2023-05-19T12:02:21","date_gmt":"2023-05-19T15:02:21","guid":{"rendered":"https:\/\/ufpr.br\/processo-seletivo-especializacao-em-comunicacao-multiplataforma-turma-2023"},"modified":"2025-12-02T09:26:56","modified_gmt":"2025-12-02T12:26:56","slug":"processo-seletivo-especializacao-em-comunicacao-multiplataforma-turma-2023","status":"publish","type":"post","link":"https:\/\/ufpr.br\/propg\/processo-seletivo-especializacao-em-comunicacao-multiplataforma-turma-2023\/","title":{"rendered":"[Processo seletivo] Especializa\u00e7\u00e3o em Comunica\u00e7\u00e3o Multiplataforma &#8211; Turma 2023"},"content":{"rendered":"\n<p>A Coordena\u00e7\u00e3o do Programa de Especializa\u00e7\u00e3o em Comunica\u00e7\u00e3o Multiplataforma, do Setor <span class=\"fontstyle0\">de Educa\u00e7\u00e3o Profissional e Tecnol\u00f3gica &#8211; SEPT- <\/span>da UFPR, no uso de suas atribui\u00e7\u00f5es, publica a sele\u00e7\u00e3o 2023. (link para o Release).<\/p>\n\n\n\n<p><a href=\"https:\/\/ufpr.br\/propg\/wp-content\/uploads\/2025\/10\/release-comunicacao-multiplataforma.pdf\" target=\"_blank\" rel=\"noreferrer noopener\">Release &#8211; Comunica\u00e7\u00e3o Multiplataforma<\/a><\/p>\n\n\n\n<p>\u00a0<span class=\"fontstyle0\">O per\u00edodo das inscri\u00e7\u00f5es para o novo curso vai at\u00e9 26 de maio, <\/span>por meio exclusivo da p\u00e1gina eletr\u00f4nica do SIGA &#8211; Processo seletivo Especializa\u00e7\u00e3o em Comunica\u00e7\u00e3o Multiplataforma -UFPR.<\/p>\n\n\n\n<p><a href=\"https:\/\/siga.ufpr.br\/siga\/visitante\/processoseletivo\/index.jsp?sequencial=3619\" target=\"_blank\" rel=\"noreferrer noopener\">https:\/\/siga.ufpr.br\/siga\/visitante\/processoseletivo\/index.jsp?sequencial=3619<\/a><\/p>\n","protected":false},"excerpt":{"rendered":"<p>A Coordena\u00e7\u00e3o do Programa de Especializa\u00e7\u00e3o em Comunica\u00e7\u00e3o Multiplataforma, do Setor de Educa\u00e7\u00e3o Profissional e Tecnol\u00f3gica &#8211; SEPT- da UFPR, no uso de suas atribui\u00e7\u00f5es, publica a sele\u00e7\u00e3o 2023. (link para o Release). Release &#8211; Comunica\u00e7\u00e3o Multiplataforma \u00a0O per\u00edodo das inscri\u00e7\u00f5es para o novo curso vai at\u00e9 26 de maio, por meio exclusivo da p\u00e1gina [&hellip;]<\/p>\n","protected":false},"author":25,"featured_media":0,"comment_status":"open","ping_status":"open","sticky":false,"template":"","format":"standard","meta":{"footnotes":""},"categories":[381,382],"tags":[],"class_list":["post-15027","post","type-post","status-publish","format-standard","hentry","category-editais-e-processos-seletivos","category-especializacao-e-residencia"],"_links":{"self":[{"href":"https:\/\/ufpr.br\/propg\/wp-json\/wp\/v2\/posts\/15027","targetHints":{"allow":["GET"]}}],"collection":[{"href":"https:\/\/ufpr.br\/propg\/wp-json\/wp\/v2\/posts"}],"about":[{"href":"https:\/\/ufpr.br\/propg\/wp-json\/wp\/v2\/types\/post"}],"author":[{"embeddable":true,"href":"https:\/\/ufpr.br\/propg\/wp-json\/wp\/v2\/users\/25"}],"replies":[{"embeddable":true,"href":"https:\/\/ufpr.br\/propg\/wp-json\/wp\/v2\/comments?post=15027"}],"version-history":[{"count":4,"href":"https:\/\/ufpr.br\/propg\/wp-json\/wp\/v2\/posts\/15027\/revisions"}],"predecessor-version":[{"id":19173,"href":"https:\/\/ufpr.br\/propg\/wp-json\/wp\/v2\/posts\/15027\/revisions\/19173"}],"wp:attachment":[{"href":"https:\/\/ufpr.br\/propg\/wp-json\/wp\/v2\/media?parent=15027"}],"wp:term":[{"taxonomy":"category","embeddable":true,"href":"https:\/\/ufpr.br\/propg\/wp-json\/wp\/v2\/categories?post=15027"},{"taxonomy":"post_tag","embeddable":true,"href":"https:\/\/ufpr.br\/propg\/wp-json\/wp\/v2\/tags?post=15027"}],"curies":[{"name":"wp","href":"https:\/\/api.w.org\/{rel}","templated":true}]}}