{"id":15006,"date":"2023-05-16T16:10:16","date_gmt":"2023-05-16T19:10:16","guid":{"rendered":"https:\/\/ufpr.br\/processo-seletivo-mestrado-em-engenharia-ambiental-2"},"modified":"2025-12-02T09:27:25","modified_gmt":"2025-12-02T12:27:25","slug":"processo-seletivo-mestrado-em-engenharia-ambiental-2","status":"publish","type":"post","link":"https:\/\/ufpr.br\/propg\/processo-seletivo-mestrado-em-engenharia-ambiental-2\/","title":{"rendered":"[Processo Seletivo] Mestrado em Engenharia Ambiental"},"content":{"rendered":"\n<p>Est\u00e3o abertas inscri\u00e7\u00f5es para o Processo Seletivo do Mestrado Regular do Programa de P\u00f3s-Gradua\u00e7\u00e3o em Engenharia Ambiental &#8211; PPGEA\/UFPR.<\/p>\n\n\n\n<p>O Edital e informa\u00e7\u00f5es detalhadas est\u00e3o dispon\u00edveis em <a href=\"https:\/\/www.prppg.ufpr.br\/site\/ppgea\/pb\/processo-seletivo\/mestrado-regular\/\" target=\"_blank\" rel=\"noreferrer noopener\">https:\/\/www.prppg.ufpr.br\/site\/ppgea\/pb\/processo-seletivo\/mestrado-regular\/<\/a><\/p>\n","protected":false},"excerpt":{"rendered":"<p>Est\u00e3o abertas inscri\u00e7\u00f5es para o Processo Seletivo do Mestrado Regular do Programa de P\u00f3s-Gradua\u00e7\u00e3o em Engenharia Ambiental &#8211; PPGEA\/UFPR. O Edital e informa\u00e7\u00f5es detalhadas est\u00e3o dispon\u00edveis em https:\/\/www.prppg.ufpr.br\/site\/ppgea\/pb\/processo-seletivo\/mestrado-regular\/<\/p>\n","protected":false},"author":18,"featured_media":0,"comment_status":"open","ping_status":"open","sticky":false,"template":"","format":"standard","meta":{"footnotes":""},"categories":[381,386],"tags":[],"class_list":["post-15006","post","type-post","status-publish","format-standard","hentry","category-editais-e-processos-seletivos","category-mestrado-e-doutorado"],"_links":{"self":[{"href":"https:\/\/ufpr.br\/propg\/wp-json\/wp\/v2\/posts\/15006","targetHints":{"allow":["GET"]}}],"collection":[{"href":"https:\/\/ufpr.br\/propg\/wp-json\/wp\/v2\/posts"}],"about":[{"href":"https:\/\/ufpr.br\/propg\/wp-json\/wp\/v2\/types\/post"}],"author":[{"embeddable":true,"href":"https:\/\/ufpr.br\/propg\/wp-json\/wp\/v2\/users\/18"}],"replies":[{"embeddable":true,"href":"https:\/\/ufpr.br\/propg\/wp-json\/wp\/v2\/comments?post=15006"}],"version-history":[{"count":4,"href":"https:\/\/ufpr.br\/propg\/wp-json\/wp\/v2\/posts\/15006\/revisions"}],"predecessor-version":[{"id":19174,"href":"https:\/\/ufpr.br\/propg\/wp-json\/wp\/v2\/posts\/15006\/revisions\/19174"}],"wp:attachment":[{"href":"https:\/\/ufpr.br\/propg\/wp-json\/wp\/v2\/media?parent=15006"}],"wp:term":[{"taxonomy":"category","embeddable":true,"href":"https:\/\/ufpr.br\/propg\/wp-json\/wp\/v2\/categories?post=15006"},{"taxonomy":"post_tag","embeddable":true,"href":"https:\/\/ufpr.br\/propg\/wp-json\/wp\/v2\/tags?post=15006"}],"curies":[{"name":"wp","href":"https:\/\/api.w.org\/{rel}","templated":true}]}}