{"id":14998,"date":"2023-05-15T10:27:25","date_gmt":"2023-05-15T13:27:25","guid":{"rendered":"https:\/\/ufpr.br\/processo-seletivo-mestrado-e-doutorado-em-historia-4"},"modified":"2025-12-02T09:28:09","modified_gmt":"2025-12-02T12:28:09","slug":"processo-seletivo-mestrado-e-doutorado-em-historia-4","status":"publish","type":"post","link":"https:\/\/ufpr.br\/propg\/processo-seletivo-mestrado-e-doutorado-em-historia-4\/","title":{"rendered":"[Processo Seletivo] Mestrado e Doutorado em Hist\u00f3ria"},"content":{"rendered":"\n<p>PROCESSO SELETIVO PARA OS CURSOS DE DOUTORADO E MESTRADO DO PROGRAMA DE P\u00d3S-GRADUA\u00c7\u00c3O EM HIST\u00d3RIA DA UFPR<\/p>\n\n\n\n<p>Per\u00edodo de inscri\u00e7\u00e3o 24 de julho a 21 de agosto de 2023 Acesse todas as informa\u00e7\u00f5es no site do programa:<\/p>\n\n\n\n<p><a href=\"https:\/\/www.prppg.ufpr.br\/site\/ppghis\/pb\/selecoes-ppghisufpr\" target=\"_blank\" rel=\"noreferrer noopener\">https:\/\/www.prppg.ufpr.br\/site\/ppghis\/pb\/selecoes-ppghisufpr<\/a><\/p>\n\n\n\n<figure class=\"wp-block-image size-large is-resized\"><a href=\"https:\/\/www.prppg.ufpr.br\/site\/ppghis\/pb\/selecoes-ppghisufpr\/\" target=\"_blank\" rel=\" noreferrer noopener\"><img decoding=\"async\" src=\"https:\/\/ufpr.br\/propg\/wp-content\/uploads\/2023\/05\/cartaz-selecao-do-ppghis-2023-2024-1024x1024.jpeg\" alt=\"\" class=\"wp-image-36550\" style=\"width:500px\"\/><\/a><\/figure>\n\n\n\n<p>&nbsp;<\/p>\n","protected":false},"excerpt":{"rendered":"<p>PROCESSO SELETIVO PARA OS CURSOS DE DOUTORADO E MESTRADO DO PROGRAMA DE P\u00d3S-GRADUA\u00c7\u00c3O EM HIST\u00d3RIA DA UFPR Per\u00edodo de inscri\u00e7\u00e3o 24 de julho a 21 de agosto de 2023 Acesse todas as informa\u00e7\u00f5es no site do programa: https:\/\/www.prppg.ufpr.br\/site\/ppghis\/pb\/selecoes-ppghisufpr &nbsp;<\/p>\n","protected":false},"author":16,"featured_media":0,"comment_status":"open","ping_status":"open","sticky":false,"template":"","format":"standard","meta":{"footnotes":""},"categories":[381,386],"tags":[],"class_list":["post-14998","post","type-post","status-publish","format-standard","hentry","category-editais-e-processos-seletivos","category-mestrado-e-doutorado"],"_links":{"self":[{"href":"https:\/\/ufpr.br\/propg\/wp-json\/wp\/v2\/posts\/14998","targetHints":{"allow":["GET"]}}],"collection":[{"href":"https:\/\/ufpr.br\/propg\/wp-json\/wp\/v2\/posts"}],"about":[{"href":"https:\/\/ufpr.br\/propg\/wp-json\/wp\/v2\/types\/post"}],"author":[{"embeddable":true,"href":"https:\/\/ufpr.br\/propg\/wp-json\/wp\/v2\/users\/16"}],"replies":[{"embeddable":true,"href":"https:\/\/ufpr.br\/propg\/wp-json\/wp\/v2\/comments?post=14998"}],"version-history":[{"count":4,"href":"https:\/\/ufpr.br\/propg\/wp-json\/wp\/v2\/posts\/14998\/revisions"}],"predecessor-version":[{"id":19176,"href":"https:\/\/ufpr.br\/propg\/wp-json\/wp\/v2\/posts\/14998\/revisions\/19176"}],"wp:attachment":[{"href":"https:\/\/ufpr.br\/propg\/wp-json\/wp\/v2\/media?parent=14998"}],"wp:term":[{"taxonomy":"category","embeddable":true,"href":"https:\/\/ufpr.br\/propg\/wp-json\/wp\/v2\/categories?post=14998"},{"taxonomy":"post_tag","embeddable":true,"href":"https:\/\/ufpr.br\/propg\/wp-json\/wp\/v2\/tags?post=14998"}],"curies":[{"name":"wp","href":"https:\/\/api.w.org\/{rel}","templated":true}]}}