{"id":14958,"date":"2020-08-10T14:56:14","date_gmt":"2020-08-10T17:56:14","guid":{"rendered":"https:\/\/ufpr.br\/novo-qualis"},"modified":"2025-12-01T16:16:20","modified_gmt":"2025-12-01T19:16:20","slug":"novo-qualis","status":"publish","type":"post","link":"https:\/\/ufpr.br\/propg\/novo-qualis\/","title":{"rendered":"[Live] Novo Qualis: dispon\u00edvel em youtube\/CPGSS"},"content":{"rendered":"\n<p>A grava\u00e7\u00e3o da Palestra Novo Qualis j\u00e1 est\u00e1 dispon\u00edvel no canal da CPGSS, acesse: <a href=\"http:\/\/www.youtube.com\/CPGSS\" target=\"_blank\" rel=\"noreferrer noopener\">youtube.com\/CPGSS<\/a><\/p>\n\n\n\n<div style=\"height:25px\" aria-hidden=\"true\" class=\"wp-block-spacer\"><\/div>\n\n\n\n<div class=\"wp-block-columns is-layout-flex wp-container-core-columns-is-layout-9d6595d7 wp-block-columns-is-layout-flex\">\n<div class=\"wp-block-column has-background is-layout-flow wp-block-column-is-layout-flow\" style=\"background-color:#f0f0f0\">\n<h2 class=\"wp-block-heading has-background\" style=\"background-color:#f0f0f0\">O que \u00e9 o &#8220;Novo Qualis&#8221;?<\/h2>\n\n\n\n<p class=\"has-background\" style=\"background-color:#f0f0f0\">&nbsp;A CAPES est\u00e1 propondo um <strong>modelo unificado do Qualis para todas as \u00e1reas do conhecimento<\/strong>. Este modelo vigorar\u00e1 nesta pr\u00f3xima avalia\u00e7\u00e3o e \u00e9 fundamental que todos conhe\u00e7am sua concep\u00e7\u00e3o e pressupostos, bem como os poss\u00edveis impactos na avalia\u00e7\u00e3o da produ\u00e7\u00e3o intelectual de nossos programas de p\u00f3s-gradua\u00e7\u00e3o.<\/p>\n\n\n\n<p class=\"has-background\" style=\"background-color:#f0f0f0\">Nesta oportunidade, receberemos o&nbsp;<strong>Professor Paulo Jorge dos Santos<\/strong> da UFPE, Coordenador da \u00c1rea de Biodiversidade e membro do CTC, que est\u00e1 envolvido na prepara\u00e7\u00e3o da proposta do Novo Qualis da CAPES.<\/p>\n\n\n\n<p class=\"has-background\" style=\"background-color:#f0f0f0\">Os participantes ter\u00e3o oportunidade de <strong>enviar suas d\u00favidas<\/strong>. Participe do chat no youtube ou envie sua pergunta com anteced\u00eancia para:\u00a0<a href=\"mailto:cpg@ufpr.br\" target=\"_blank\" rel=\"noreferrer noopener\">cpg@ufpr.br<\/a>.<\/p>\n\n\n<div class=\"wp-block-image\">\n<figure class=\"aligncenter size-large is-resized\"><img decoding=\"async\" src=\"https:\/\/ufpr.br\/propg\/wp-content\/uploads\/2024\/12\/palestra-novo-qualis-com-logo-cpgss-1024x1024.jpg\" alt=\"\" class=\"wp-image-14950\" style=\"width:400px\"\/><\/figure><\/div><\/div>\n\n\n\n<div class=\"wp-block-column is-layout-flow wp-block-column-is-layout-flow\">\n<h2 class=\"wp-block-heading\">Agenda<\/h2>\n\n\n\n<hr class=\"wp-block-separator has-text-color has-alpha-channel-opacity has-background is-style-wide\" style=\"background-color:#e8ecf5;color:#e8ecf5\"\/>\n\n\n\n<h2 class=\"wp-block-heading\">[Live] Palestra: Novo Qualis<\/h2>\n\n\n\n<div style=\"height:25px\" aria-hidden=\"true\" class=\"wp-block-spacer\"><\/div>\n\n\n\n<p>Palestrante: Prof.&nbsp;<strong>Paulo Jorge dos Santos<\/strong>&nbsp;(membro do GT CAPES Qualis Peri\u00f3dicos)<\/p>\n\n\n\n<p>Quando: dia&nbsp;<strong>13.08.2020, \u00e0s 09:00h&nbsp;<\/strong>(quinta-feira)<\/p>\n\n\n\n<p>Onde:<strong><a href=\"http:\/\/www.youtube.com\/CPGSS\" target=\"_blank\" rel=\"noopener\" title=\"\">&nbsp;youtube.com\/CPGSS<\/a><\/strong><\/p>\n\n\n\n<p><strong><a href=\"https:\/\/www.youtube.com\/watch?v=zTeT_k-wLqw\" target=\"_blank\" rel=\"noopener\" title=\"\">Live dispon\u00edvel aqui<\/a><\/strong><\/p>\n\n\n\n<div style=\"height:25px\" aria-hidden=\"true\" class=\"wp-block-spacer\"><\/div>\n\n\n\n<h2 class=\"wp-block-heading\">Material de apoio<\/h2>\n\n\n\n<hr class=\"wp-block-separator has-text-color has-alpha-channel-opacity has-background is-style-wide\" style=\"background-color:#e8ecf5;color:#e8ecf5\"\/>\n\n\n\n<ul class=\"wp-block-list\">\n<li><a href=\"https:\/\/ufpr.br\/propg\/wp-content\/uploads\/2024\/12\/qualis_perspectivas_resumo2.pptx\" target=\"_blank\" rel=\"noopener\" title=\"\">Apresenta\u00e7\u00e3o Qualis Perspectivas<\/a><\/li>\n<\/ul>\n\n\n\n<ul class=\"wp-block-list\">\n<li><a href=\"https:\/\/ufpr.br\/propg\/wp-content\/uploads\/2024\/12\/10062019_qualis-artistico-classificao-de-eventos.pdf\" target=\"_blank\" rel=\"noopener\" title=\"\">Qualis Art\u00edstico \/ Classifica\u00e7\u00e3o de Eventos<\/a><\/li>\n<\/ul>\n\n\n\n<ul class=\"wp-block-list\">\n<li><a href=\"https:\/\/ufpr.br\/propg\/wp-content\/uploads\/2024\/12\/12062019_proposta-de-classificao-de-livros_gt-qualislivro.pdf\" target=\"_blank\" rel=\"noopener\" title=\"\">Proposta de Classifica\u00e7\u00e3o de Livros GT \u2013 Qualis Livro<\/a><\/li>\n<\/ul>\n\n\n\n<div style=\"height:25px\" aria-hidden=\"true\" class=\"wp-block-spacer\"><\/div>\n\n\n\n<h2 class=\"wp-block-heading\">Material de divulga\u00e7\u00e3o do evento<\/h2>\n\n\n\n<hr class=\"wp-block-separator has-text-color has-alpha-channel-opacity has-background is-style-wide\" style=\"background-color:#e8ecf5;color:#e8ecf5\"\/>\n\n\n\n<ul class=\"wp-block-list\">\n<li><a href=\"https:\/\/ufpr.br\/propg\/wp-content\/uploads\/2024\/12\/palestra-novo-qualis-com-logo-cpgss.jpg\" target=\"_blank\" rel=\"noopener\" title=\"\">Flyer<\/a><\/li>\n<\/ul>\n\n\n\n<ul class=\"wp-block-list\">\n<li><a href=\"https:\/\/ufpr.br\/propg\/wp-content\/uploads\/2024\/12\/novo-qualis-tela-live-youtube-agendamento-com-logo-cpgss-1.jpg\" target=\"_blank\" rel=\"noopener\" title=\"\">Banner Youtube<\/a><\/li>\n<\/ul>\n\n\n\n<ul class=\"wp-block-list\">\n<li><a href=\"https:\/\/ufpr.br\/propg\/wp-content\/uploads\/2024\/12\/banner-novo-qualis-site-prppg-com-logo-cpgss.jpg\" target=\"_blank\" rel=\"noopener\" title=\"\">Banner site PRPPG<\/a><\/li>\n<\/ul>\n\n\n\n<ul class=\"wp-block-list\">\n<li><a href=\"https:\/\/ufpr.br\/propg\/wp-content\/uploads\/2024\/12\/convite-novo-qualis-live-youtube-dia-13-08-20-as-09h.pdf\" target=\"_blank\" rel=\"noopener\" title=\"\">Convite em formato of\u00edcio<\/a><\/li>\n<\/ul>\n\n\n\n<ul class=\"wp-block-list\">\n<li><a href=\"https:\/\/ufpr.br\/eventos\/prppg-organiza-evento-online-sobre-os-novos-criterios-de-avaliacao-do-qualis\/\" target=\"_blank\" rel=\"noopener\" title=\"\">Mat\u00e9ria no site da UFPR<\/a><\/li>\n<\/ul>\n\n\n\n<p>&nbsp;<\/p>\n\n\n\n<figure class=\"wp-block-table is-style-stripes\"><table class=\"has-fixed-layout\"><thead><tr><th>Data<\/th><th>Evento<\/th><th>Palestrante<\/th><\/tr><\/thead><tbody><tr><td>13\/08\/2020<\/td><td><a href=\"https:\/\/ufpr.br\/propg\/wp-content\/uploads\/2024\/12\/palestra-novo-qualis-com-logo-cpgss.jpg\" target=\"_blank\" rel=\"noopener\" title=\"\">Palestra: Novo Qualis<\/a><\/td><td>Paulo Santos \u2013 UFPE \u2013 CAPES<\/td><\/tr><\/tbody><\/table><\/figure>\n<\/div>\n<\/div>\n\n\n\n<h2 class=\"wp-block-heading\">Saiba mais<\/h2>\n\n\n\n<hr class=\"wp-block-separator has-text-color has-alpha-channel-opacity has-background is-style-wide\" style=\"background-color:#e8ecf5;color:#e8ecf5\"\/>\n\n\n\n<p>Todas as informa\u00e7\u00f5es (incluindo a programa\u00e7\u00e3o para novos eventos, acervo do que j\u00e1 foi realizado e materiais disponibilizados durante as apresenta\u00e7\u00f5es) podem ser consultadas em:<\/p>\n\n\n\n<p><a href=\"https:\/\/ufpr.br\/propg\/cpgss\/planejamento-estrategico\/programacao-eventos\/\">https:\/\/ufpr.br\/propg\/cpgss\/planejamento-estrategico\/programacao-eventos\/<\/a><\/p>\n\n\n\n<figure class=\"wp-block-image\"><a href=\"https:\/\/ufpr.br\/propg\/cpgss\/planejamento-estrategico\/programacao-eventos\/\"><img decoding=\"async\" src=\"https:\/\/www.prppg.ufpr.br\/site\/wp-content\/uploads\/2020\/08\/botao_eventos.jpg\" alt=\"\"\/><\/a><\/figure>\n\n\n\n<p>Todos os eventos abertos \u00e0 comunidade acad\u00eamica est\u00e3o dispon\u00edveis em:&nbsp;<a href=\"https:\/\/www.youtube.com\/cpgss\" target=\"_blank\" rel=\"noopener noreferrer\">youtube.com\/cpgss<\/a><\/p>\n\n\n\n<figure class=\"wp-block-image\"><a href=\"https:\/\/www.youtube.com\/cpgss\" target=\"_blank\" rel=\"noopener noreferrer\"><img decoding=\"async\" src=\"https:\/\/www.prppg.ufpr.br\/site\/wp-content\/uploads\/2020\/08\/botao_youtube.jpg\" alt=\"\"\/><\/a><\/figure>\n\n\n\n<p><\/p>\n","protected":false},"excerpt":{"rendered":"<p>A grava\u00e7\u00e3o da Palestra Novo Qualis j\u00e1 est\u00e1 dispon\u00edvel no canal da CPGSS, acesse: youtube.com\/CPGSS O que \u00e9 o &#8220;Novo Qualis&#8221;? &nbsp;A CAPES est\u00e1 propondo um modelo unificado do Qualis para todas as \u00e1reas do conhecimento. Este modelo vigorar\u00e1 nesta pr\u00f3xima avalia\u00e7\u00e3o e \u00e9 fundamental que todos conhe\u00e7am sua concep\u00e7\u00e3o e pressupostos, bem como os [&hellip;]<\/p>\n","protected":false},"author":16,"featured_media":0,"comment_status":"open","ping_status":"open","sticky":false,"template":"","format":"standard","meta":{"footnotes":""},"categories":[386],"tags":[],"class_list":["post-14958","post","type-post","status-publish","format-standard","hentry","category-mestrado-e-doutorado"],"_links":{"self":[{"href":"https:\/\/ufpr.br\/propg\/wp-json\/wp\/v2\/posts\/14958","targetHints":{"allow":["GET"]}}],"collection":[{"href":"https:\/\/ufpr.br\/propg\/wp-json\/wp\/v2\/posts"}],"about":[{"href":"https:\/\/ufpr.br\/propg\/wp-json\/wp\/v2\/types\/post"}],"author":[{"embeddable":true,"href":"https:\/\/ufpr.br\/propg\/wp-json\/wp\/v2\/users\/16"}],"replies":[{"embeddable":true,"href":"https:\/\/ufpr.br\/propg\/wp-json\/wp\/v2\/comments?post=14958"}],"version-history":[{"count":17,"href":"https:\/\/ufpr.br\/propg\/wp-json\/wp\/v2\/posts\/14958\/revisions"}],"predecessor-version":[{"id":18786,"href":"https:\/\/ufpr.br\/propg\/wp-json\/wp\/v2\/posts\/14958\/revisions\/18786"}],"wp:attachment":[{"href":"https:\/\/ufpr.br\/propg\/wp-json\/wp\/v2\/media?parent=14958"}],"wp:term":[{"taxonomy":"category","embeddable":true,"href":"https:\/\/ufpr.br\/propg\/wp-json\/wp\/v2\/categories?post=14958"},{"taxonomy":"post_tag","embeddable":true,"href":"https:\/\/ufpr.br\/propg\/wp-json\/wp\/v2\/tags?post=14958"}],"curies":[{"name":"wp","href":"https:\/\/api.w.org\/{rel}","templated":true}]}}