{"id":14888,"date":"2020-07-02T16:14:57","date_gmt":"2020-07-02T19:14:57","guid":{"rendered":"https:\/\/ufpr.br\/guia-de-fontes-ufpr"},"modified":"2025-12-01T16:13:58","modified_gmt":"2025-12-01T19:13:58","slug":"guia-de-fontes-ufpr","status":"publish","type":"post","link":"https:\/\/ufpr.br\/propg\/guia-de-fontes-ufpr\/","title":{"rendered":"[Guia de Fontes] UFPR desenvolve instrumento de pesquisa para jornalistas encontrarem especialistas nos mais variados temas"},"content":{"rendered":"\n<p>O Guia de Fontes @UFPR foi desenvolvido com objetivo de dar acesso \u00e0 imprensa e \u00e0 sociedade em geral a informa\u00e7\u00f5es sobre as especialidades de pesquisadores brasileiros. Com a plataforma, al\u00e9m de facilitar o trabalho jornal\u00edstico e promover a produ\u00e7\u00e3o de conte\u00fado de qualidade, pretende-se a divulga\u00e7\u00e3o cient\u00edfica e a transpar\u00eancia acad\u00eamica.<\/p>\n\n\n\n<p>Os dados do Guia prov\u00eam do&nbsp;<a href=\"http:\/\/lattes.cnpq.br\/\" target=\"_blank\" rel=\"noreferrer noopener\">Curr\u00edculo Lattes<\/a>&nbsp;e de outras bases institucionais sobre as atividades de pesquisa e v\u00ednculo organizacional dos pesquisadores. O resultado das buscas reflete as \u00e1reas e linhas de pesquisa, bem como as palavras-chave mais frequentes nos curr\u00edculos.<\/p>\n\n\n\n<p>A partir do Guia, jornalistas podem entrar em contato e promover entrevistas visando obter coment\u00e1rios de cientistas para temas abordados em not\u00edcias, reportagens e outros conte\u00fados veiculados na m\u00eddia.<\/p>\n\n\n\n<p>Iniciativa da&nbsp;<a href=\"http:\/\/www.agenciacomunicacao.ufpr.br\/\" target=\"_blank\" rel=\"noreferrer noopener\">Ag\u00eancia Escola de Comunica\u00e7\u00e3o P\u00fablica e Divulga\u00e7\u00e3o Cient\u00edfica e Cultural<\/a>, em parceria com a&nbsp;<a href=\"http:\/\/www.ufpr.br\/portalufpr\/imprensa\/\" target=\"_blank\" rel=\"noreferrer noopener\">Superintend\u00eancia de Comunica\u00e7\u00e3o e Marketing da Universidade Federal do Paran\u00e1<\/a>, o Guia de Fontes \u00e9 um software livre, podendo ser utilizado e aprimorado pela comunidade acad\u00eamica e de desenvolvimento de software.<\/p>\n\n\n\n<p>Acesse: <a href=\"https:\/\/guiadefontes.ufpr.br\" target=\"_blank\" rel=\"noreferrer noopener\">https:\/\/guiadefontes.ufpr.br<\/a><\/p>\n\n\n\n<p>&nbsp;<\/p>\n\n\n\n<figure class=\"wp-block-image size-large\"><img decoding=\"async\" src=\"https:\/\/ufpr.br\/propg\/wp-content\/uploads\/2020\/07\/banner-prppg-guia-de-fontes-1024x340.png\" alt=\"\" class=\"wp-image-32688\"\/><\/figure>\n\n\n\n<p>&nbsp;<\/p>\n\n\n\n<hr class=\"wp-block-separator has-alpha-channel-opacity\"\/>\n\n\n\n<p><strong>Saiba mais<\/strong><\/p>\n\n\n\n<p>Guia de Fontes (ou Banco de Fontes, como tamb\u00e9m \u00e9 chamado), \u00e9 um instrumento de pesquisa espec\u00edfico para jornalistas que buscam especialistas que possam comentar mat\u00e9rias ou reportagens sobre os mais variados temas.<\/p>\n\n\n\n<p>Ao apresentar seu Guia, uma organiza\u00e7\u00e3o est\u00e1 disponibilizando para acesso aos jornalistas o nome e expertise de seus colaboradores, de forma que eles possam colaborar com o trabalho jornal\u00edstico ao comentar algum tema que esteja sendo tratado numa determinada produ\u00e7\u00e3o. Indiretamente, tamb\u00e9m contribui para imagem organizacional, ao dar visibilidade ao nome da organiza\u00e7\u00e3o na publica\u00e7\u00e3o do conte\u00fado comentado.<\/p>\n","protected":false},"excerpt":{"rendered":"<p>O Guia de Fontes @UFPR foi desenvolvido com objetivo de dar acesso \u00e0 imprensa e \u00e0 sociedade em geral a informa\u00e7\u00f5es sobre as especialidades de pesquisadores brasileiros. Com a plataforma, al\u00e9m de facilitar o trabalho jornal\u00edstico e promover a produ\u00e7\u00e3o de conte\u00fado de qualidade, pretende-se a divulga\u00e7\u00e3o cient\u00edfica e a transpar\u00eancia acad\u00eamica. Os dados do [&hellip;]<\/p>\n","protected":false},"author":16,"featured_media":0,"comment_status":"open","ping_status":"open","sticky":false,"template":"","format":"standard","meta":{"footnotes":""},"categories":[386],"tags":[],"class_list":["post-14888","post","type-post","status-publish","format-standard","hentry","category-mestrado-e-doutorado"],"_links":{"self":[{"href":"https:\/\/ufpr.br\/propg\/wp-json\/wp\/v2\/posts\/14888","targetHints":{"allow":["GET"]}}],"collection":[{"href":"https:\/\/ufpr.br\/propg\/wp-json\/wp\/v2\/posts"}],"about":[{"href":"https:\/\/ufpr.br\/propg\/wp-json\/wp\/v2\/types\/post"}],"author":[{"embeddable":true,"href":"https:\/\/ufpr.br\/propg\/wp-json\/wp\/v2\/users\/16"}],"replies":[{"embeddable":true,"href":"https:\/\/ufpr.br\/propg\/wp-json\/wp\/v2\/comments?post=14888"}],"version-history":[{"count":5,"href":"https:\/\/ufpr.br\/propg\/wp-json\/wp\/v2\/posts\/14888\/revisions"}],"predecessor-version":[{"id":18762,"href":"https:\/\/ufpr.br\/propg\/wp-json\/wp\/v2\/posts\/14888\/revisions\/18762"}],"wp:attachment":[{"href":"https:\/\/ufpr.br\/propg\/wp-json\/wp\/v2\/media?parent=14888"}],"wp:term":[{"taxonomy":"category","embeddable":true,"href":"https:\/\/ufpr.br\/propg\/wp-json\/wp\/v2\/categories?post=14888"},{"taxonomy":"post_tag","embeddable":true,"href":"https:\/\/ufpr.br\/propg\/wp-json\/wp\/v2\/tags?post=14888"}],"curies":[{"name":"wp","href":"https:\/\/api.w.org\/{rel}","templated":true}]}}