{"id":14886,"date":"2020-07-02T18:32:43","date_gmt":"2020-07-02T21:32:43","guid":{"rendered":"https:\/\/ufpr.br\/banco-de-pautas-covid-19"},"modified":"2025-12-01T16:13:50","modified_gmt":"2025-12-01T19:13:50","slug":"banco-de-pautas-covid-19","status":"publish","type":"post","link":"https:\/\/ufpr.br\/propg\/banco-de-pautas-covid-19\/","title":{"rendered":"[Banco de Pautas Covid-19] Cadastre sua pesquisa!"},"content":{"rendered":"\n<p>O&nbsp;<strong>Banco de Pautas Covid-19<\/strong>&nbsp;\u00e9 uma a\u00e7\u00e3o da&nbsp;<strong>Ag\u00eancia Escola UFPR<\/strong>&nbsp;que busca reunir artigos cient\u00edficos sobre a pandemia produzidos por pesquisadores da Universidade Federal do Paran\u00e1 de todas as \u00e1reas do conhecimento e que j\u00e1 tenham sido aprovados em peri\u00f3dicos, preferencialmente ainda n\u00e3o publicados. A partir do compartilhamento de sua pesquisa, fortaleceremos a&nbsp;<strong>populariza\u00e7\u00e3o da ci\u00eancia<\/strong>, bem como a&nbsp;<strong>divulga\u00e7\u00e3o cient\u00edfica<\/strong>&nbsp;das pesquisas da UFPR junto \u00e0 imprensa, \u00e0 sociedade e \u00e0 comunidade interna da Universidade.<\/p>\n\n\n\n<p><a href=\"http:\/\/www.agenciacomunicacao.ufpr.br\/site\/?page_id=1535\" target=\"_blank\" rel=\"noreferrer noopener\"><strong>Preencha o formul\u00e1rio<\/strong><\/a>&nbsp;e participe dessa a\u00e7\u00e3o:<\/p>\n\n\n\n<figure class=\"wp-block-image size-large\"><img decoding=\"async\" src=\"https:\/\/ufpr.br\/propg\/wp-content\/uploads\/2020\/07\/banner-prppg-pauta-ae-covid-1024x340.png\" alt=\"\" class=\"wp-image-32700\"\/><\/figure>\n\n\n\n<p>D\u00favidas podem ser enviadas ao e-mail\u00a0<a href=\"mailto:jornalismo.ae@ufpr.br\" target=\"_blank\" rel=\"noreferrer noopener\">jornalismo.ae@ufpr.br<\/a>.<\/p>\n\n\n\n<p><\/p>\n","protected":false},"excerpt":{"rendered":"<p>O&nbsp;Banco de Pautas Covid-19&nbsp;\u00e9 uma a\u00e7\u00e3o da&nbsp;Ag\u00eancia Escola UFPR&nbsp;que busca reunir artigos cient\u00edficos sobre a pandemia produzidos por pesquisadores da Universidade Federal do Paran\u00e1 de todas as \u00e1reas do conhecimento e que j\u00e1 tenham sido aprovados em peri\u00f3dicos, preferencialmente ainda n\u00e3o publicados. A partir do compartilhamento de sua pesquisa, fortaleceremos a&nbsp;populariza\u00e7\u00e3o da ci\u00eancia, bem como [&hellip;]<\/p>\n","protected":false},"author":16,"featured_media":0,"comment_status":"open","ping_status":"open","sticky":false,"template":"","format":"standard","meta":{"footnotes":""},"categories":[386],"tags":[],"class_list":["post-14886","post","type-post","status-publish","format-standard","hentry","category-mestrado-e-doutorado"],"_links":{"self":[{"href":"https:\/\/ufpr.br\/propg\/wp-json\/wp\/v2\/posts\/14886","targetHints":{"allow":["GET"]}}],"collection":[{"href":"https:\/\/ufpr.br\/propg\/wp-json\/wp\/v2\/posts"}],"about":[{"href":"https:\/\/ufpr.br\/propg\/wp-json\/wp\/v2\/types\/post"}],"author":[{"embeddable":true,"href":"https:\/\/ufpr.br\/propg\/wp-json\/wp\/v2\/users\/16"}],"replies":[{"embeddable":true,"href":"https:\/\/ufpr.br\/propg\/wp-json\/wp\/v2\/comments?post=14886"}],"version-history":[{"count":4,"href":"https:\/\/ufpr.br\/propg\/wp-json\/wp\/v2\/posts\/14886\/revisions"}],"predecessor-version":[{"id":18761,"href":"https:\/\/ufpr.br\/propg\/wp-json\/wp\/v2\/posts\/14886\/revisions\/18761"}],"wp:attachment":[{"href":"https:\/\/ufpr.br\/propg\/wp-json\/wp\/v2\/media?parent=14886"}],"wp:term":[{"taxonomy":"category","embeddable":true,"href":"https:\/\/ufpr.br\/propg\/wp-json\/wp\/v2\/categories?post=14886"},{"taxonomy":"post_tag","embeddable":true,"href":"https:\/\/ufpr.br\/propg\/wp-json\/wp\/v2\/tags?post=14886"}],"curies":[{"name":"wp","href":"https:\/\/api.w.org\/{rel}","templated":true}]}}