{"id":14750,"date":"2020-03-20T11:11:45","date_gmt":"2020-03-20T14:11:45","guid":{"rendered":"https:\/\/ufpr.br\/bancas-novas-orientacoes"},"modified":"2025-12-01T16:05:37","modified_gmt":"2025-12-01T19:05:37","slug":"bancas-novas-orientacoes","status":"publish","type":"post","link":"https:\/\/ufpr.br\/propg\/bancas-novas-orientacoes\/","title":{"rendered":"[Bancas de defesa] Novas orienta\u00e7\u00f5es em aten\u00e7\u00e3o \u00e0 Portaria 36\/2020-CAPES"},"content":{"rendered":"\n<blockquote class=\"wp-block-quote is-layout-flow wp-block-quote-is-layout-flow\">\n<p>Em aten\u00e7\u00e3o \u00e0 Portaria 754\/2020 da UFPR, com data de 19\/03\/2020, que determina em seu Artigo 1\u00b0 a &#8220;ado\u00e7\u00e3o obrigat\u00f3ria do regime de trabalho remoto para todos os servidores t\u00e9cnicos administrativos e docentes e estagi\u00e1rios em todas as unidades da UFPR a partir do dia 20 de mar\u00e7o de 2020&#8221;, e<\/p>\n\n\n\n<p>Em aten\u00e7\u00e3o \u00e0 Portaria de n\u00famero 36\/2020 da CAPES, com data de 19\/03\/2020, que estabelece que &#8220;sejam suspensos pelo prazo de 60 (sessenta) dias, os prazos para defesa de disserta\u00e7\u00e3o ou tese, na forma presencial, no \u00e2mbito dos programas de concess\u00e3o de bolsas da Capes&#8221;, e<\/p>\n\n\n\n<p>Visando a sa\u00fade da comunidade universit\u00e1ria, bem como garantir a seguran\u00e7a e qualidade das defesas quando da realiza\u00e7\u00e3o das bancas de Mestrado e de Doutorado,<\/p>\n<\/blockquote>\n\n\n\n<p>A PRPPG mant\u00e9m a <a href=\"https:\/\/ufpr.br\/propg\/wp-content\/uploads\/2025\/10\/prppg-recomendaes-perodo-corona-virus.pdf\" target=\"_blank\" rel=\"noreferrer noopener\">orienta\u00e7\u00e3o divulgada em Nota de 17\/03\/2020<\/a> de suspens\u00e3o das bancas presenciais (agora por 60 (sessenta) dias em conformidade \u00e0 Portaria 36\/2020 CAPES).<\/p>\n\n\n\n<p>Todavia, altera parte da aludida Nota e pondera que, em caso de necessidade de realiza\u00e7\u00e3o de bancas de defesa neste per\u00edodo de 60 dias, possam ser realizadas totalmente na forma remota.<\/p>\n\n\n\n<p class=\"has-text-align-left\">Curitiba, 20 de Mar\u00e7o de 2020.<\/p>\n\n\n\n<p>&nbsp;<\/p>\n\n\n\n<p>Att.<\/p>\n\n\n\n<p>Prof Francisco Mendon\u00e7a.<br>PRPPG\/Pr\u00f3-reitor.<\/p>\n\n\n\n<p>&nbsp;<\/p>\n\n\n\n<p><a href=\"https:\/\/ufpr.br\/propg\/wp-content\/uploads\/2024\/12\/prppg-bancas-de-defesa.pdf\" target=\"_blank\" rel=\"noreferrer noopener\">PRPPG &#8211; Bancas de defesa: orienta\u00e7\u00f5es 20.03.2020<\/a><\/p>\n","protected":false},"excerpt":{"rendered":"<p>Em aten\u00e7\u00e3o \u00e0 Portaria 754\/2020 da UFPR, com data de 19\/03\/2020, que determina em seu Artigo 1\u00b0 a &#8220;ado\u00e7\u00e3o obrigat\u00f3ria do regime de trabalho remoto para todos os servidores t\u00e9cnicos administrativos e docentes e estagi\u00e1rios em todas as unidades da UFPR a partir do dia 20 de mar\u00e7o de 2020&#8221;, e Em aten\u00e7\u00e3o \u00e0 Portaria [&hellip;]<\/p>\n","protected":false},"author":16,"featured_media":0,"comment_status":"open","ping_status":"open","sticky":false,"template":"","format":"standard","meta":{"footnotes":""},"categories":[386],"tags":[],"class_list":["post-14750","post","type-post","status-publish","format-standard","hentry","category-mestrado-e-doutorado"],"_links":{"self":[{"href":"https:\/\/ufpr.br\/propg\/wp-json\/wp\/v2\/posts\/14750","targetHints":{"allow":["GET"]}}],"collection":[{"href":"https:\/\/ufpr.br\/propg\/wp-json\/wp\/v2\/posts"}],"about":[{"href":"https:\/\/ufpr.br\/propg\/wp-json\/wp\/v2\/types\/post"}],"author":[{"embeddable":true,"href":"https:\/\/ufpr.br\/propg\/wp-json\/wp\/v2\/users\/16"}],"replies":[{"embeddable":true,"href":"https:\/\/ufpr.br\/propg\/wp-json\/wp\/v2\/comments?post=14750"}],"version-history":[{"count":6,"href":"https:\/\/ufpr.br\/propg\/wp-json\/wp\/v2\/posts\/14750\/revisions"}],"predecessor-version":[{"id":18695,"href":"https:\/\/ufpr.br\/propg\/wp-json\/wp\/v2\/posts\/14750\/revisions\/18695"}],"wp:attachment":[{"href":"https:\/\/ufpr.br\/propg\/wp-json\/wp\/v2\/media?parent=14750"}],"wp:term":[{"taxonomy":"category","embeddable":true,"href":"https:\/\/ufpr.br\/propg\/wp-json\/wp\/v2\/categories?post=14750"},{"taxonomy":"post_tag","embeddable":true,"href":"https:\/\/ufpr.br\/propg\/wp-json\/wp\/v2\/tags?post=14750"}],"curies":[{"name":"wp","href":"https:\/\/api.w.org\/{rel}","templated":true}]}}