{"id":14747,"date":"2023-04-17T15:36:41","date_gmt":"2023-04-17T18:36:41","guid":{"rendered":"https:\/\/ufpr.br\/fundacao-araucaria-anuncia-reajuste-no-valor-das-bolsas-a-partir-de-01-05-2023"},"modified":"2025-12-02T09:25:10","modified_gmt":"2025-12-02T12:25:10","slug":"fundacao-araucaria-anuncia-reajuste-no-valor-das-bolsas-a-partir-de-01-05-2023","status":"publish","type":"post","link":"https:\/\/ufpr.br\/propg\/fundacao-araucaria-anuncia-reajuste-no-valor-das-bolsas-a-partir-de-01-05-2023\/","title":{"rendered":"Funda\u00e7\u00e3o Arauc\u00e1ria anuncia reajuste no valor das bolsas a partir de 01\/05\/2023"},"content":{"rendered":"\n<p>A Funda\u00e7\u00e3o Arauc\u00e1ria anunciou o reajuste das bolsas de pesquisa e extens\u00e3o, que passa a valer a partir de 01\/05\/2023. O an\u00fancio foi feito na \u00faltima ter\u00e7a-feira (11\/04). Com a nova tabela ser\u00e3o reajustados valores como as bolsas de doutorado, que passam de R$ 2.750 para R$ 3.100; de mestrado, que aumentam de R$ 1.875 para R$ 2.100, e de inicia\u00e7\u00e3o cient\u00edfica, de R$ 500 para R$ 700.<\/p>\n\n\n\n<p>A eleva\u00e7\u00e3o resulta em acr\u00e9scimo de R$ 5 milh\u00f5es por ano dos investimentos do governo estadual em bolsas de pesquisa e extens\u00e3o. A iniciativa faz parte do or\u00e7amento destinado em 2023 para o Fundo Paran\u00e1, de fomento cient\u00edfico e tecnol\u00f3gico, administrado pela Secretaria da Ci\u00eancia, Tecnologia e Ensino Superior (Seti). A dota\u00e7\u00e3o or\u00e7ament\u00e1ria \u00e9 de R$ 411,7 milh\u00f5es, o que equivale a 2% da arrecada\u00e7\u00e3o do Estado. Os recursos ser\u00e3o aplicados em \u00e1reas priorit\u00e1rias, estabelecidas pelo Conselho Paranaense de Ci\u00eancia e Tecnologia (CCT Paran\u00e1), que tamb\u00e9m responde pela Pol\u00edtica Estadual de Desenvolvimento Cient\u00edfico e Tecnol\u00f3gico.<\/p>\n\n\n\n<p>O reajuste foi informado por meio do Ato da Diretoria Executiva 047\/2023 da Funda\u00e7\u00e3o Arauc\u00e1ria, que pode ser consultado <a href=\"https:\/\/ufpr.br\/propg\/wp-content\/uploads\/2025\/10\/atodefa0472023correcaovaloresdebolsas.pdf\" target=\"_blank\" rel=\"noreferrer noopener\">aqui<\/a>.<\/p>\n\n\n\n<p>A not\u00edcia completa consta no site da Funda\u00e7\u00e3o Arauc\u00e1ria, <a href=\"https:\/\/www.fappr.pr.gov.br\/Noticia\/Estado-anuncia-novo-reajuste-nas-bolsas-de-pesquisa-e-extensao-da-Fundacao-Araucaria\" target=\"_blank\" rel=\"noreferrer noopener\">neste link<\/a>.<\/p>\n\n\n\n<p>&nbsp;<\/p>\n\n\n\n<p><\/p>\n","protected":false},"excerpt":{"rendered":"<p>A Funda\u00e7\u00e3o Arauc\u00e1ria anunciou o reajuste das bolsas de pesquisa e extens\u00e3o, que passa a valer a partir de 01\/05\/2023. O an\u00fancio foi feito na \u00faltima ter\u00e7a-feira (11\/04). Com a nova tabela ser\u00e3o reajustados valores como as bolsas de doutorado, que passam de R$ 2.750 para R$ 3.100; de mestrado, que aumentam de R$ 1.875 [&hellip;]<\/p>\n","protected":false},"author":26,"featured_media":0,"comment_status":"open","ping_status":"open","sticky":false,"template":"","format":"standard","meta":{"footnotes":""},"categories":[386],"tags":[],"class_list":["post-14747","post","type-post","status-publish","format-standard","hentry","category-mestrado-e-doutorado"],"_links":{"self":[{"href":"https:\/\/ufpr.br\/propg\/wp-json\/wp\/v2\/posts\/14747","targetHints":{"allow":["GET"]}}],"collection":[{"href":"https:\/\/ufpr.br\/propg\/wp-json\/wp\/v2\/posts"}],"about":[{"href":"https:\/\/ufpr.br\/propg\/wp-json\/wp\/v2\/types\/post"}],"author":[{"embeddable":true,"href":"https:\/\/ufpr.br\/propg\/wp-json\/wp\/v2\/users\/26"}],"replies":[{"embeddable":true,"href":"https:\/\/ufpr.br\/propg\/wp-json\/wp\/v2\/comments?post=14747"}],"version-history":[{"count":5,"href":"https:\/\/ufpr.br\/propg\/wp-json\/wp\/v2\/posts\/14747\/revisions"}],"predecessor-version":[{"id":19164,"href":"https:\/\/ufpr.br\/propg\/wp-json\/wp\/v2\/posts\/14747\/revisions\/19164"}],"wp:attachment":[{"href":"https:\/\/ufpr.br\/propg\/wp-json\/wp\/v2\/media?parent=14747"}],"wp:term":[{"taxonomy":"category","embeddable":true,"href":"https:\/\/ufpr.br\/propg\/wp-json\/wp\/v2\/categories?post=14747"},{"taxonomy":"post_tag","embeddable":true,"href":"https:\/\/ufpr.br\/propg\/wp-json\/wp\/v2\/tags?post=14747"}],"curies":[{"name":"wp","href":"https:\/\/api.w.org\/{rel}","templated":true}]}}