{"id":14711,"date":"2020-02-10T17:41:16","date_gmt":"2020-02-10T19:41:16","guid":{"rendered":"https:\/\/ufpr.br\/inscricoes-abertas-para-professores-edital-2020-iniciacao-cientifica"},"modified":"2025-12-01T16:04:21","modified_gmt":"2025-12-01T19:04:21","slug":"inscricoes-abertas-para-professores-edital-2020-iniciacao-cientifica","status":"publish","type":"post","link":"https:\/\/ufpr.br\/propg\/inscricoes-abertas-para-professores-edital-2020-iniciacao-cientifica\/","title":{"rendered":"[Edital 2020] Inscri\u00e7\u00f5es Abertas"},"content":{"rendered":"\n<figure class=\"wp-block-image size-full\"><img decoding=\"async\" src=\"https:\/\/ufpr.br\/propg\/wp-content\/uploads\/2020\/02\/banner-ic.png\" alt=\"\" class=\"wp-image-32248\"\/><\/figure>\n\n\n\n<p>Est\u00e3o abertas as inscri\u00e7\u00f5es para o Edital 2020 do Programa de Inicia\u00e7\u00e3o Cient\u00edfica e Tecnol\u00f3gica at\u00e9 a data de 19\/03\/2020, conforme calend\u00e1rio de atividades dispon\u00edvel no site da IC: https:\/\/www.prppg.ufpr.br\/site\/ic\/atividades\/<\/p>\n\n\n\n<p>O Link para inscri\u00e7\u00f5es est\u00e1 dispon\u00edvel na p\u00e1gina inicial do SICT, (banner verde) (https:\/\/www.prppg.ufpr.br\/sict).<\/p>\n\n\n\n<p><strong>ATEN\u00c7\u00c3O: para realizar a inscri\u00e7\u00e3o n\u00e3o \u00e9 necess\u00e1rio login e senha.<\/strong><\/p>\n\n\n\n<p><a href=\"https:\/\/ufpr.br\/propg\/wp-content\/uploads\/2025\/07\/manual-para-realizao-da-inscrio-edital-2020.pdf\" target=\"_blank\" rel=\"noreferrer noopener\"><strong>Manual para Realiza\u00e7\u00e3o da Inscri\u00e7\u00e3o Edital 2020.<\/strong><\/a><\/p>\n\n\n\n<p>O Edital 2020 e o Caderno de Normas est\u00e3o dispon\u00edveis em&nbsp;<a id=\"LPlnk664717\" href=\"https:\/\/www.prppg.ufpr.br\/site\/ic\">https:\/\/www.prppg.ufpr.br\/site\/ic<\/a>, menu inicia\u00e7\u00e3o cient\u00edfica.<\/p>\n\n\n\n<p><strong>IMPORTANTE:<\/strong><\/p>\n\n\n\n<ul class=\"wp-block-list\">\n<li>As inscri\u00e7\u00f5es de pesquisadoras e pesquisadores inadimplentes n\u00e3o ser\u00e3o homologadas.<\/li>\n<\/ul>\n\n\n\n<ul class=\"wp-block-list\">\n<li>Para fins de pontua\u00e7\u00e3o ser\u00e1 considerada a produ\u00e7\u00e3o publicada pelo professor no seu curr\u00edculo Lattes desde o in\u00edcio de 2017 at\u00e9 o momento da inscri\u00e7\u00e3o no Edital 2020. Portanto, a plataforma lattes dever\u00e1 estar atualizada no momento da inscri\u00e7\u00e3o, n\u00e3o sendo permitida a edi\u00e7\u00e3o das informa\u00e7\u00f5es importadas automaticamente pelo SICT.<\/li>\n<\/ul>\n\n\n\n<ul class=\"wp-block-list\">\n<li>Os Projetos de Pesquisa aptos para o Edital 2020 s\u00e3o aqueles cadastrados no Banco de Projetos de Pesquisa da UFPR (BPP), na situa\u00e7\u00e3o \u201cem andamento\u201d, conforme procedimentos orientados pela Coordena\u00e7\u00e3o de Pesquisa da PRPPG. Para maiores informa\u00e7\u00f5es sobre o BPP acessar o link https:\/\/www.prppg.ufpr.br\/site\/como-acessar-o-banco-de-projetos-de-pesquisa-ufpr\/<\/li>\n<\/ul>\n\n\n\n<ul class=\"wp-block-list\">\n<li>\u00c9 poss\u00edvel a inscri\u00e7\u00e3o de mais de 1 (um) Projeto de Pesquisa, numa mesma inscri\u00e7\u00e3o, limitado ao m\u00e1ximo de 4 Projetos.<\/li>\n<\/ul>\n\n\n\n<ul class=\"wp-block-list\">\n<li>Os Projetos de Pesquisa inscritos no PIBITI dever\u00e3o conter as seguintes informa\u00e7\u00f5es: aspectos comerciais\/mercado que caracterizam o desenvolvimento tecnol\u00f3gico ou inova\u00e7\u00e3o do produto ou processo; formas de difus\u00e3o do produto\/servi\u00e7o ap\u00f3s pleno desenvolvimento; impactos tecnol\u00f3gicos, cient\u00edficos, econ\u00f4micos, sociais e ambientais esperados para a UFPR, regi\u00e3o e estado.<\/li>\n<\/ul>\n\n\n\n<ul class=\"wp-block-list\">\n<li>Para cada Programa em que o(s) Projeto(s) de Pesquisa esteja(m) inscrito(s) ser\u00e1 necess\u00e1rio inserir um Plano de Trabalho, que dever\u00e1 conter: t\u00edtulo; objetivos; metodologia\/s\u00edntese de atividades; cronograma e link do grupo de pesquisa na plataforma Lattes. Nesse momento n\u00e3o \u00e9 necess\u00e1rio indicar o aluno.<\/li>\n<\/ul>\n","protected":false},"excerpt":{"rendered":"<p>Est\u00e3o abertas as inscri\u00e7\u00f5es para o Edital 2020 do Programa de Inicia\u00e7\u00e3o Cient\u00edfica e Tecnol\u00f3gica at\u00e9 a data de 19\/03\/2020, conforme calend\u00e1rio de atividades dispon\u00edvel no site da IC: https:\/\/www.prppg.ufpr.br\/site\/ic\/atividades\/ O Link para inscri\u00e7\u00f5es est\u00e1 dispon\u00edvel na p\u00e1gina inicial do SICT, (banner verde) (https:\/\/www.prppg.ufpr.br\/sict). ATEN\u00c7\u00c3O: para realizar a inscri\u00e7\u00e3o n\u00e3o \u00e9 necess\u00e1rio login e senha. [&hellip;]<\/p>\n","protected":false},"author":17,"featured_media":0,"comment_status":"open","ping_status":"open","sticky":false,"template":"","format":"standard","meta":{"footnotes":""},"categories":[381,384],"tags":[],"class_list":["post-14711","post","type-post","status-publish","format-standard","hentry","category-editais-e-processos-seletivos","category-iniciacao-cientifica-e-tecnologica"],"_links":{"self":[{"href":"https:\/\/ufpr.br\/propg\/wp-json\/wp\/v2\/posts\/14711","targetHints":{"allow":["GET"]}}],"collection":[{"href":"https:\/\/ufpr.br\/propg\/wp-json\/wp\/v2\/posts"}],"about":[{"href":"https:\/\/ufpr.br\/propg\/wp-json\/wp\/v2\/types\/post"}],"author":[{"embeddable":true,"href":"https:\/\/ufpr.br\/propg\/wp-json\/wp\/v2\/users\/17"}],"replies":[{"embeddable":true,"href":"https:\/\/ufpr.br\/propg\/wp-json\/wp\/v2\/comments?post=14711"}],"version-history":[{"count":5,"href":"https:\/\/ufpr.br\/propg\/wp-json\/wp\/v2\/posts\/14711\/revisions"}],"predecessor-version":[{"id":18686,"href":"https:\/\/ufpr.br\/propg\/wp-json\/wp\/v2\/posts\/14711\/revisions\/18686"}],"wp:attachment":[{"href":"https:\/\/ufpr.br\/propg\/wp-json\/wp\/v2\/media?parent=14711"}],"wp:term":[{"taxonomy":"category","embeddable":true,"href":"https:\/\/ufpr.br\/propg\/wp-json\/wp\/v2\/categories?post=14711"},{"taxonomy":"post_tag","embeddable":true,"href":"https:\/\/ufpr.br\/propg\/wp-json\/wp\/v2\/tags?post=14711"}],"curies":[{"name":"wp","href":"https:\/\/api.w.org\/{rel}","templated":true}]}}