{"id":14710,"date":"2020-02-07T15:28:24","date_gmt":"2020-02-07T17:28:24","guid":{"rendered":"https:\/\/ufpr.br\/evento-ii-sidip-seminario-de-integracao-e-dicas-instrumentais-de-pesquisa"},"modified":"2025-12-01T16:04:43","modified_gmt":"2025-12-01T19:04:43","slug":"evento-ii-sidip-seminario-de-integracao-e-dicas-instrumentais-de-pesquisa","status":"publish","type":"post","link":"https:\/\/ufpr.br\/propg\/evento-ii-sidip-seminario-de-integracao-e-dicas-instrumentais-de-pesquisa\/","title":{"rendered":"[Evento] II SIDIP &#8211; Semin\u00e1rio de Integra\u00e7\u00e3o e Dicas Instrumentais de Pesquisa"},"content":{"rendered":"\n<p>Nos dias <strong>09,11,16 e 17 de mar\u00e7o de 2020<\/strong> o <a href=\"https:\/\/www.prppg.ufpr.br\/site\/ppggi\/pb\/\" target=\"_blank\" rel=\"noreferrer noopener\">PPGGI<\/a> ir\u00e1 ofertar o <a href=\"https:\/\/www.even3.com.br\/sidip2020\/\" target=\"_blank\" rel=\"noreferrer noopener\"><strong>2\u00ba Semin\u00e1rio de Integra\u00e7\u00e3o e Dicas Instrumentais de Pesquisa<\/strong><\/a> (SIDIP). Este evento tem como objetivo promover a integra\u00e7\u00e3o entre os nossos estudantes e instrumentaliz\u00e1-los de forma a capacitar suas atividades de pesquisa durante sua vida acad\u00eamica, em especial enquanto vinculados a uma p\u00f3s-gradua\u00e7\u00e3o<\/p>\n\n\n\n<p>Saiba mais:<\/p>\n\n\n\n<p><strong>II SIDIP &#8211; Semin\u00e1rio de Integra\u00e7\u00e3o e Dicas Instrumentais de Pesquisa<\/strong><\/p>\n\n\n\n<p>O evento \u00e9 gratuito, aberto \u00e0 comunidade e t\u00eam a inten\u00e7\u00e3o de atender tamb\u00e9m aos estudantes de outros programas de p\u00f3s-gradua\u00e7\u00e3o e gradua\u00e7\u00e3o. Integrando e socializando os discentes, ser\u00e3o apresentadas t\u00e9cnicas e ferramentas que podem ser \u00fateis em suas atividades acad\u00eamicas, bem como informa\u00e7\u00f5es sobre a atua\u00e7\u00e3o em pesquisas acad\u00eamicas.<\/p>\n\n\n\n<p>Por seu car\u00e1ter instrumental e interdisciplinar participam do SIDIP 2020 representantes das comunidades discente, docente e t\u00e9cnico-administrativa da Universidade Federal do Paran\u00e1, bem como convidados externos e estudantes egressos do PPGGI.<\/p>\n\n\n\n<p>O II Semin\u00e1rio de Integra\u00e7\u00e3o e dicas instrumentais para pesquisa acontece nos dias 09, 11, 16 e 17 de mar\u00e7o, no Campus Bot\u00e2nico.<\/p>\n\n\n\n<p><strong>Evento gratuito! Inscreva-se!<\/strong><\/p>\n\n\n\n<p>Inscri\u00e7\u00e3o e cronograma:<a href=\"https:\/\/www.even3.com.br\/sidip2020\/\" target=\"_blank\" rel=\"noreferrer noopener\">\u00a0https:\/\/www.even3.com.br\/sidip2020\/<\/a><\/p>\n\n\n<div class=\"wp-block-image\">\n<figure class=\"alignleft size-full\"><img decoding=\"async\" src=\"https:\/\/ufpr.br\/propg\/wp-content\/uploads\/2020\/02\/sidip2020.png\" alt=\"\" class=\"wp-image-32230\"\/><\/figure><\/div>\n\n\n<p><\/p>\n","protected":false},"excerpt":{"rendered":"<p>Nos dias 09,11,16 e 17 de mar\u00e7o de 2020 o PPGGI ir\u00e1 ofertar o 2\u00ba Semin\u00e1rio de Integra\u00e7\u00e3o e Dicas Instrumentais de Pesquisa (SIDIP). Este evento tem como objetivo promover a integra\u00e7\u00e3o entre os nossos estudantes e instrumentaliz\u00e1-los de forma a capacitar suas atividades de pesquisa durante sua vida acad\u00eamica, em especial enquanto vinculados a [&hellip;]<\/p>\n","protected":false},"author":16,"featured_media":0,"comment_status":"open","ping_status":"open","sticky":false,"template":"","format":"standard","meta":{"footnotes":""},"categories":[386],"tags":[],"class_list":["post-14710","post","type-post","status-publish","format-standard","hentry","category-mestrado-e-doutorado"],"_links":{"self":[{"href":"https:\/\/ufpr.br\/propg\/wp-json\/wp\/v2\/posts\/14710","targetHints":{"allow":["GET"]}}],"collection":[{"href":"https:\/\/ufpr.br\/propg\/wp-json\/wp\/v2\/posts"}],"about":[{"href":"https:\/\/ufpr.br\/propg\/wp-json\/wp\/v2\/types\/post"}],"author":[{"embeddable":true,"href":"https:\/\/ufpr.br\/propg\/wp-json\/wp\/v2\/users\/16"}],"replies":[{"embeddable":true,"href":"https:\/\/ufpr.br\/propg\/wp-json\/wp\/v2\/comments?post=14710"}],"version-history":[{"count":4,"href":"https:\/\/ufpr.br\/propg\/wp-json\/wp\/v2\/posts\/14710\/revisions"}],"predecessor-version":[{"id":18691,"href":"https:\/\/ufpr.br\/propg\/wp-json\/wp\/v2\/posts\/14710\/revisions\/18691"}],"wp:attachment":[{"href":"https:\/\/ufpr.br\/propg\/wp-json\/wp\/v2\/media?parent=14710"}],"wp:term":[{"taxonomy":"category","embeddable":true,"href":"https:\/\/ufpr.br\/propg\/wp-json\/wp\/v2\/categories?post=14710"},{"taxonomy":"post_tag","embeddable":true,"href":"https:\/\/ufpr.br\/propg\/wp-json\/wp\/v2\/tags?post=14710"}],"curies":[{"name":"wp","href":"https:\/\/api.w.org\/{rel}","templated":true}]}}