{"id":14695,"date":"2020-01-28T18:50:56","date_gmt":"2020-01-28T20:50:56","guid":{"rendered":"https:\/\/ufpr.br\/especializacao-em-experimentacao-tridimensional-ufpr"},"modified":"2025-12-01T15:48:49","modified_gmt":"2025-12-01T18:48:49","slug":"especializacao-em-experimentacao-tridimensional-ufpr","status":"publish","type":"post","link":"https:\/\/ufpr.br\/propg\/especializacao-em-experimentacao-tridimensional-ufpr\/","title":{"rendered":"Especializa\u00e7\u00e3o em Experimenta\u00e7\u00e3o Tridimensional \u2013 UFPR"},"content":{"rendered":"\n<p><strong><a href=\"http:\/\/www.exatas.ufpr.br\/portal\/degraf_marcio\/pos-graduacao-em-experimentacao-tridimensional-ufpr\/\" target=\"_blank\" rel=\"noopener noreferrer\">Curso de Especializa\u00e7\u00e3o em Experimenta\u00e7\u00e3o Tridimensional \u2013 Turma 2020<\/a><\/strong><\/p>\n\n\n\n<p>O curso tem como objetivo principal formar um profissional completo em termos de conhecimento das Tecnologias de Experimenta\u00e7\u00e3o Tridimensional e as respectivas intera\u00e7\u00f5es entre as pessoas, empresas e governos. Sempre sintonizado com a sustentabilidade e o equil\u00edbrio social.<strong> <a href=\"http:\/\/www.exatas.ufpr.br\/portal\/degraf_marcio\/pos-graduacao-em-experimentacao-tridimensional-ufpr\/\" target=\"_blank\" rel=\"noopener noreferrer\">Saiba+<\/a><\/strong><\/p>\n\n\n\n<p><\/p>\n","protected":false},"excerpt":{"rendered":"<p>Curso de Especializa\u00e7\u00e3o em Experimenta\u00e7\u00e3o Tridimensional \u2013 Turma 2020 O curso tem como objetivo principal formar um profissional completo em termos de conhecimento das Tecnologias de Experimenta\u00e7\u00e3o Tridimensional e as respectivas intera\u00e7\u00f5es entre as pessoas, empresas e governos. Sempre sintonizado com a sustentabilidade e o equil\u00edbrio social. Saiba+<\/p>\n","protected":false},"author":21,"featured_media":0,"comment_status":"open","ping_status":"open","sticky":false,"template":"","format":"standard","meta":{"footnotes":""},"categories":[382],"tags":[],"class_list":["post-14695","post","type-post","status-publish","format-standard","hentry","category-especializacao-e-residencia"],"_links":{"self":[{"href":"https:\/\/ufpr.br\/propg\/wp-json\/wp\/v2\/posts\/14695","targetHints":{"allow":["GET"]}}],"collection":[{"href":"https:\/\/ufpr.br\/propg\/wp-json\/wp\/v2\/posts"}],"about":[{"href":"https:\/\/ufpr.br\/propg\/wp-json\/wp\/v2\/types\/post"}],"author":[{"embeddable":true,"href":"https:\/\/ufpr.br\/propg\/wp-json\/wp\/v2\/users\/21"}],"replies":[{"embeddable":true,"href":"https:\/\/ufpr.br\/propg\/wp-json\/wp\/v2\/comments?post=14695"}],"version-history":[{"count":3,"href":"https:\/\/ufpr.br\/propg\/wp-json\/wp\/v2\/posts\/14695\/revisions"}],"predecessor-version":[{"id":18664,"href":"https:\/\/ufpr.br\/propg\/wp-json\/wp\/v2\/posts\/14695\/revisions\/18664"}],"wp:attachment":[{"href":"https:\/\/ufpr.br\/propg\/wp-json\/wp\/v2\/media?parent=14695"}],"wp:term":[{"taxonomy":"category","embeddable":true,"href":"https:\/\/ufpr.br\/propg\/wp-json\/wp\/v2\/categories?post=14695"},{"taxonomy":"post_tag","embeddable":true,"href":"https:\/\/ufpr.br\/propg\/wp-json\/wp\/v2\/tags?post=14695"}],"curies":[{"name":"wp","href":"https:\/\/api.w.org\/{rel}","templated":true}]}}