{"id":14683,"date":"2019-11-27T09:25:54","date_gmt":"2019-11-27T11:25:54","guid":{"rendered":"https:\/\/ufpr.br\/transversais-aula-de-metodologia-de-pesquisa-sera-transferida-para-o-auditorio-do-daga-27-nov"},"modified":"2025-12-01T15:44:55","modified_gmt":"2025-12-01T18:44:55","slug":"transversais-aula-de-metodologia-de-pesquisa-sera-transferida-para-o-auditorio-do-daga-27-nov","status":"publish","type":"post","link":"https:\/\/ufpr.br\/propg\/transversais-aula-de-metodologia-de-pesquisa-sera-transferida-para-o-auditorio-do-daga-27-nov\/","title":{"rendered":"[ATEN\u00c7\u00c3O] Aula de Metodologia de Pesquisa TRANSFERIDA para o Audit\u00f3rio do DAGA &#8211; 27\/nov"},"content":{"rendered":"\n<p><strong>O Audit\u00f3rio do CIFLOMA est\u00e1 sem energia el\u00e9trica e as aulas presenciais&nbsp; foram transferidas para o Audit\u00f3rio do DAGA.<\/strong><\/p>\n\n\n\n<p>Excepcionalmente, a \u00faltima aula de Metodologia de Pesquisa Cient\u00edfica de 27.11.2019 ser\u00e1 realizada no <strong>Audit\u00f3rio Professor Ulysses de Campos<\/strong> do Setor de Ci\u00eancias Sociais Aplicadas (Av. Prefeito Loth\u00e1rio Meissner, 632 \u2013 Campus Bot\u00e2nico).<\/p>\n\n\n\n<p>\u00a0<\/p>\n\n\n\n<p>&nbsp;<\/p>\n","protected":false},"excerpt":{"rendered":"<p>O Audit\u00f3rio do CIFLOMA est\u00e1 sem energia el\u00e9trica e as aulas presenciais&nbsp; foram transferidas para o Audit\u00f3rio do DAGA. Excepcionalmente, a \u00faltima aula de Metodologia de Pesquisa Cient\u00edfica de 27.11.2019 ser\u00e1 realizada no Audit\u00f3rio Professor Ulysses de Campos do Setor de Ci\u00eancias Sociais Aplicadas (Av. Prefeito Loth\u00e1rio Meissner, 632 \u2013 Campus Bot\u00e2nico). \u00a0 &nbsp;<\/p>\n","protected":false},"author":16,"featured_media":0,"comment_status":"open","ping_status":"open","sticky":false,"template":"","format":"standard","meta":{"footnotes":""},"categories":[386],"tags":[],"class_list":["post-14683","post","type-post","status-publish","format-standard","hentry","category-mestrado-e-doutorado"],"_links":{"self":[{"href":"https:\/\/ufpr.br\/propg\/wp-json\/wp\/v2\/posts\/14683","targetHints":{"allow":["GET"]}}],"collection":[{"href":"https:\/\/ufpr.br\/propg\/wp-json\/wp\/v2\/posts"}],"about":[{"href":"https:\/\/ufpr.br\/propg\/wp-json\/wp\/v2\/types\/post"}],"author":[{"embeddable":true,"href":"https:\/\/ufpr.br\/propg\/wp-json\/wp\/v2\/users\/16"}],"replies":[{"embeddable":true,"href":"https:\/\/ufpr.br\/propg\/wp-json\/wp\/v2\/comments?post=14683"}],"version-history":[{"count":3,"href":"https:\/\/ufpr.br\/propg\/wp-json\/wp\/v2\/posts\/14683\/revisions"}],"predecessor-version":[{"id":18652,"href":"https:\/\/ufpr.br\/propg\/wp-json\/wp\/v2\/posts\/14683\/revisions\/18652"}],"wp:attachment":[{"href":"https:\/\/ufpr.br\/propg\/wp-json\/wp\/v2\/media?parent=14683"}],"wp:term":[{"taxonomy":"category","embeddable":true,"href":"https:\/\/ufpr.br\/propg\/wp-json\/wp\/v2\/categories?post=14683"},{"taxonomy":"post_tag","embeddable":true,"href":"https:\/\/ufpr.br\/propg\/wp-json\/wp\/v2\/tags?post=14683"}],"curies":[{"name":"wp","href":"https:\/\/api.w.org\/{rel}","templated":true}]}}