{"id":14624,"date":"2019-08-02T13:59:27","date_gmt":"2019-08-02T16:59:27","guid":{"rendered":"https:\/\/ufpr.br\/11-siepe-selecao-de-monitores-bolsistas"},"modified":"2025-12-01T15:11:28","modified_gmt":"2025-12-01T18:11:28","slug":"11-siepe-selecao-de-monitores-bolsistas","status":"publish","type":"post","link":"https:\/\/ufpr.br\/propg\/11-siepe-selecao-de-monitores-bolsistas\/","title":{"rendered":"[11\u00b0 SIEPE] Sele\u00e7\u00e3o de Monitores Bolsistas"},"content":{"rendered":"\n<p>A Comiss\u00e3o Organizadora da 11\u00aa Semana Integrada de Ensino, Pesquisa e Extens\u00e3o apresenta o Edital no. 02\/2019-11\u00aa SIEPE para sele\u00e7\u00e3o de estudantes de gradua\u00e7\u00e3o que desejem atuar como bolsistas monitores durante os dias de realiza\u00e7\u00e3o do evento, ou junto \u00e0s Pr\u00f3-Reitorias envolvidas na organiza\u00e7\u00e3o do 18\u00ba ENAF, 18\u00ba ENEC, 27\u00ba EVINCI, 12\u00ba EINTI e 1\u00ba EDISPE. Tamb\u00e9m s\u00e3o disponibilizadas as inscri\u00e7\u00f5es para sele\u00e7\u00e3o e atividades art\u00edstico-culturais. As inscri\u00e7\u00f5es podem ser realizadas de 05 a 16 de Agosto no site da 11\u00aa SIEPE <a href=\"http:\/\/www.siepe.ufpr.br\/2019\/\" target=\"_blank\" rel=\"noreferrer noopener\">(http:\/\/www.siepe.ufpr.br\/2019\/).<\/a><\/p>\n","protected":false},"excerpt":{"rendered":"<p>A Comiss\u00e3o Organizadora da 11\u00aa Semana Integrada de Ensino, Pesquisa e Extens\u00e3o apresenta o Edital no. 02\/2019-11\u00aa SIEPE para sele\u00e7\u00e3o de estudantes de gradua\u00e7\u00e3o que desejem atuar como bolsistas monitores durante os dias de realiza\u00e7\u00e3o do evento, ou junto \u00e0s Pr\u00f3-Reitorias envolvidas na organiza\u00e7\u00e3o do 18\u00ba ENAF, 18\u00ba ENEC, 27\u00ba EVINCI, 12\u00ba EINTI e 1\u00ba [&hellip;]<\/p>\n","protected":false},"author":17,"featured_media":0,"comment_status":"open","ping_status":"open","sticky":false,"template":"","format":"standard","meta":{"footnotes":""},"categories":[384],"tags":[],"class_list":["post-14624","post","type-post","status-publish","format-standard","hentry","category-iniciacao-cientifica-e-tecnologica"],"_links":{"self":[{"href":"https:\/\/ufpr.br\/propg\/wp-json\/wp\/v2\/posts\/14624","targetHints":{"allow":["GET"]}}],"collection":[{"href":"https:\/\/ufpr.br\/propg\/wp-json\/wp\/v2\/posts"}],"about":[{"href":"https:\/\/ufpr.br\/propg\/wp-json\/wp\/v2\/types\/post"}],"author":[{"embeddable":true,"href":"https:\/\/ufpr.br\/propg\/wp-json\/wp\/v2\/users\/17"}],"replies":[{"embeddable":true,"href":"https:\/\/ufpr.br\/propg\/wp-json\/wp\/v2\/comments?post=14624"}],"version-history":[{"count":3,"href":"https:\/\/ufpr.br\/propg\/wp-json\/wp\/v2\/posts\/14624\/revisions"}],"predecessor-version":[{"id":18634,"href":"https:\/\/ufpr.br\/propg\/wp-json\/wp\/v2\/posts\/14624\/revisions\/18634"}],"wp:attachment":[{"href":"https:\/\/ufpr.br\/propg\/wp-json\/wp\/v2\/media?parent=14624"}],"wp:term":[{"taxonomy":"category","embeddable":true,"href":"https:\/\/ufpr.br\/propg\/wp-json\/wp\/v2\/categories?post=14624"},{"taxonomy":"post_tag","embeddable":true,"href":"https:\/\/ufpr.br\/propg\/wp-json\/wp\/v2\/tags?post=14624"}],"curies":[{"name":"wp","href":"https:\/\/api.w.org\/{rel}","templated":true}]}}