{"id":14589,"date":"2019-07-10T10:06:22","date_gmt":"2019-07-10T13:06:22","guid":{"rendered":"https:\/\/ufpr.br\/capes-nova-metodologia-do-qualis"},"modified":"2025-12-01T15:08:15","modified_gmt":"2025-12-01T18:08:15","slug":"capes-nova-metodologia-do-qualis","status":"publish","type":"post","link":"https:\/\/ufpr.br\/propg\/capes-nova-metodologia-do-qualis\/","title":{"rendered":"[CAPES] Nova metodologia do Qualis Peri\u00f3dico e avalia\u00e7\u00e3o da produ\u00e7\u00e3o intelectual"},"content":{"rendered":"\n<p>Comunicado da CAPES sobre o aprimoramento do processo de avalia\u00e7\u00e3o da p\u00f3s-gradua\u00e7\u00e3o e esclarecimentos a respeito do Qualis Peri\u00f3dico e avalia\u00e7\u00e3o da produ\u00e7\u00e3o intelectual:<\/p>\n\n\n\n<p><a href=\"https:\/\/ufpr.br\/propg\/wp-content\/uploads\/2025\/10\/oficio_1015556.pdf\" target=\"_blank\" rel=\"noreferrer noopener\">Of\u00edcio n\u00ba 6\/2019-CGAP\/DAV\/CAPES<\/a>.<\/p>\n\n\n\n<p>As mudan\u00e7as no processo de avalia\u00e7\u00e3o abrangem a ficha de avalia\u00e7\u00e3o, a qualifica\u00e7\u00e3o da produ\u00e7\u00e3o intelectual, a avalia\u00e7\u00e3o multidimensional e a autoavalia\u00e7\u00e3o. Acesse o\u00a0<strong><a href=\"https:\/\/ufpr.br\/propg\/wp-content\/uploads\/2025\/10\/infografico-avaliacao-capes.pdf\" target=\"_blank\" rel=\"noreferrer noopener\">Infogr\u00e1fico<\/a><\/strong>\u00a0para saber mais.<\/p>\n\n\n\n<p><strong>Qualifica\u00e7\u00e3o da Produ\u00e7\u00e3o Intelectual: Metodologia Qualis Peri\u00f3dicos<\/strong><\/p>\n\n\n\n<p>A nova proposta se baseia em quatro princ\u00edpios:<\/p>\n\n\n\n<ul class=\"wp-block-list\">\n<li>Classifica\u00e7\u00e3o \u00fanica \u2013 cada peri\u00f3dico recebe apenas uma qualifica\u00e7\u00e3o, independentemente da quantidade de \u00e1reas de avalia\u00e7\u00e3o \u00e0s quais foi mencionado;<\/li>\n\n\n\n<li>Classifica\u00e7\u00e3o por \u00e1reas-m\u00e3es \u2013 os peri\u00f3dicos foram agrupados de acordo com a \u00e1rea na qual houve maior n\u00famero de publica\u00e7\u00f5es nos anos de refer\u00eancia avaliativo, chamada de \u00e1rea-m\u00e3e;<\/li>\n\n\n\n<li>Qualis Refer\u00eancia &#8211; por meio do uso combinado de indicadores bibliom\u00e9tricos e um modelo matem\u00e1tico, a pr\u00f3pria Diretoria de Avalia\u00e7\u00e3o montou uma lista de peri\u00f3dicos pr\u00e9-classificados, definidos como Qualis Refer\u00eancia;<\/li>\n\n\n\n<li>Indicadores bibliom\u00e9tricos \u2013 basicamente, s\u00e3o os que consideram o n\u00famero de cita\u00e7\u00f5es do peri\u00f3dico dentro de tr\u00eas bases: Scopus (CiteScore), Web of Science (Fator de Impacto) e Google Scholar (\u00edndice h5). Foi levada em considera\u00e7\u00e3o a categoria de \u00e1rea que cada base enquadra o peri\u00f3dico e a sua posi\u00e7\u00e3o relativa dentro dela.<\/li>\n<\/ul>\n\n\n\n<p>&#8211; Acesse tamb\u00e9m o Canal da Capes no Youtube para saber mais sobre a nova metodologia apresentada para a classifica\u00e7\u00e3o do Qualis (como parte do aprimoramento do processo de avalia\u00e7\u00e3o da p\u00f3s-gradua\u00e7\u00e3o brasileira):\u00a0<a href=\"https:\/\/youtu.be\/7OHceKqFe9I\" target=\"_blank\" rel=\"noreferrer noopener\">https:\/\/youtu.be\/7OHceKqFe9I<\/a><\/p>\n\n\n\n<p>&#8211; Leia a not\u00edcia na \u00edntegra em:\u00a0<a href=\"http:\/\/www.capes.gov.br\/pt\/36-noticias\/9730-capes-melhora-ferramentas-de-avaliacao-da-pos-graduacao\" target=\"_blank\" rel=\"noreferrer noopener\">http:\/\/www.capes.gov.br\/pt\/36-noticias\/9730-capes-melhora-ferramentas-de-avaliacao-da-pos-graduacao<\/a><\/p>\n\n\n\n<p>\u00a0Not\u00edcias relacionadas:<\/p>\n\n\n\n<p>&#8211; Mudan\u00e7as na ficha de avalia\u00e7\u00e3o valorizam qualidade dos programas<br><a href=\"https:\/\/www.capes.gov.br\/pt\/36-noticias\/9370-mudancas-na-ficha-de-avaliacao-valorizam-qualidade-dos-programas\" target=\"_blank\" rel=\"noreferrer noopener\">https:\/\/www.capes.gov.br\/pt\/36-noticias\/9370-mudancas-na-ficha-de-avaliacao-valorizam-qualidade-dos-programas<\/a><\/p>\n","protected":false},"excerpt":{"rendered":"<p>Comunicado da CAPES sobre o aprimoramento do processo de avalia\u00e7\u00e3o da p\u00f3s-gradua\u00e7\u00e3o e esclarecimentos a respeito do Qualis Peri\u00f3dico e avalia\u00e7\u00e3o da produ\u00e7\u00e3o intelectual: Of\u00edcio n\u00ba 6\/2019-CGAP\/DAV\/CAPES. As mudan\u00e7as no processo de avalia\u00e7\u00e3o abrangem a ficha de avalia\u00e7\u00e3o, a qualifica\u00e7\u00e3o da produ\u00e7\u00e3o intelectual, a avalia\u00e7\u00e3o multidimensional e a autoavalia\u00e7\u00e3o. Acesse o\u00a0Infogr\u00e1fico\u00a0para saber mais. Qualifica\u00e7\u00e3o da [&hellip;]<\/p>\n","protected":false},"author":16,"featured_media":0,"comment_status":"open","ping_status":"open","sticky":false,"template":"","format":"standard","meta":{"footnotes":""},"categories":[386],"tags":[],"class_list":["post-14589","post","type-post","status-publish","format-standard","hentry","category-mestrado-e-doutorado"],"_links":{"self":[{"href":"https:\/\/ufpr.br\/propg\/wp-json\/wp\/v2\/posts\/14589","targetHints":{"allow":["GET"]}}],"collection":[{"href":"https:\/\/ufpr.br\/propg\/wp-json\/wp\/v2\/posts"}],"about":[{"href":"https:\/\/ufpr.br\/propg\/wp-json\/wp\/v2\/types\/post"}],"author":[{"embeddable":true,"href":"https:\/\/ufpr.br\/propg\/wp-json\/wp\/v2\/users\/16"}],"replies":[{"embeddable":true,"href":"https:\/\/ufpr.br\/propg\/wp-json\/wp\/v2\/comments?post=14589"}],"version-history":[{"count":6,"href":"https:\/\/ufpr.br\/propg\/wp-json\/wp\/v2\/posts\/14589\/revisions"}],"predecessor-version":[{"id":18619,"href":"https:\/\/ufpr.br\/propg\/wp-json\/wp\/v2\/posts\/14589\/revisions\/18619"}],"wp:attachment":[{"href":"https:\/\/ufpr.br\/propg\/wp-json\/wp\/v2\/media?parent=14589"}],"wp:term":[{"taxonomy":"category","embeddable":true,"href":"https:\/\/ufpr.br\/propg\/wp-json\/wp\/v2\/categories?post=14589"},{"taxonomy":"post_tag","embeddable":true,"href":"https:\/\/ufpr.br\/propg\/wp-json\/wp\/v2\/tags?post=14589"}],"curies":[{"name":"wp","href":"https:\/\/api.w.org\/{rel}","templated":true}]}}