{"id":14587,"date":"2019-07-10T13:38:53","date_gmt":"2019-07-10T16:38:53","guid":{"rendered":"https:\/\/ufpr.br\/processo-seletivo-teste-de-suficiencia-em-lingua-estrangeira-moderna-2o-semestre-2019"},"modified":"2025-12-01T15:08:05","modified_gmt":"2025-12-01T18:08:05","slug":"processo-seletivo-teste-de-suficiencia-em-lingua-estrangeira-moderna-2o-semestre-2019","status":"publish","type":"post","link":"https:\/\/ufpr.br\/propg\/processo-seletivo-teste-de-suficiencia-em-lingua-estrangeira-moderna-2o-semestre-2019\/","title":{"rendered":"[Processo seletivo] Teste de Sufici\u00eancia em L\u00edngua Estrangeira Moderna (2\u00ba semestre\/2019)-Inscri\u00e7\u00f5es abertas"},"content":{"rendered":"\n<p>J<span style=\"font-size: 12pt; font-family: georgia, palatino, serif;\">\u00e1 est\u00e3o abertas as inscri\u00e7\u00f5es para o&nbsp;Teste de Sufici\u00eancia em L\u00edngua Estrangeira Moderna (2\u00ba semestre\/2019) realizado pelo N\u00facleo de Concursos da UFPR (NC-UFPR).<\/span><\/p>\n\n\n\n<p>As inscri\u00e7\u00f5es v\u00e3o de <strong>03\/07\/2019<\/strong> at\u00e9 as 17h00 do dia <strong>01\/08\/2019<\/strong><\/p>\n\n\n\n<p><span style=\"font-size: 12pt; font-family: georgia, palatino, serif;\">Confira o Edital e todas informa\u00e7\u00f5es em\u00a0<a href=\"http:\/\/portal.nc.ufpr.br\/PortalNC\/Concurso?concurso=LEM20192\" target=\"_blank\" rel=\"noreferrer noopener\">http:\/\/portal.nc.ufpr.br\/PortalNC\/Concurso?concurso=LEM20192<\/a><\/span><\/p>\n","protected":false},"excerpt":{"rendered":"<p>J\u00e1 est\u00e3o abertas as inscri\u00e7\u00f5es para o&nbsp;Teste de Sufici\u00eancia em L\u00edngua Estrangeira Moderna (2\u00ba semestre\/2019) realizado pelo N\u00facleo de Concursos da UFPR (NC-UFPR). As inscri\u00e7\u00f5es v\u00e3o de 03\/07\/2019 at\u00e9 as 17h00 do dia 01\/08\/2019 Confira o Edital e todas informa\u00e7\u00f5es em\u00a0http:\/\/portal.nc.ufpr.br\/PortalNC\/Concurso?concurso=LEM20192<\/p>\n","protected":false},"author":18,"featured_media":0,"comment_status":"open","ping_status":"open","sticky":false,"template":"","format":"standard","meta":{"footnotes":""},"categories":[381,386],"tags":[],"class_list":["post-14587","post","type-post","status-publish","format-standard","hentry","category-editais-e-processos-seletivos","category-mestrado-e-doutorado"],"_links":{"self":[{"href":"https:\/\/ufpr.br\/propg\/wp-json\/wp\/v2\/posts\/14587","targetHints":{"allow":["GET"]}}],"collection":[{"href":"https:\/\/ufpr.br\/propg\/wp-json\/wp\/v2\/posts"}],"about":[{"href":"https:\/\/ufpr.br\/propg\/wp-json\/wp\/v2\/types\/post"}],"author":[{"embeddable":true,"href":"https:\/\/ufpr.br\/propg\/wp-json\/wp\/v2\/users\/18"}],"replies":[{"embeddable":true,"href":"https:\/\/ufpr.br\/propg\/wp-json\/wp\/v2\/comments?post=14587"}],"version-history":[{"count":3,"href":"https:\/\/ufpr.br\/propg\/wp-json\/wp\/v2\/posts\/14587\/revisions"}],"predecessor-version":[{"id":18618,"href":"https:\/\/ufpr.br\/propg\/wp-json\/wp\/v2\/posts\/14587\/revisions\/18618"}],"wp:attachment":[{"href":"https:\/\/ufpr.br\/propg\/wp-json\/wp\/v2\/media?parent=14587"}],"wp:term":[{"taxonomy":"category","embeddable":true,"href":"https:\/\/ufpr.br\/propg\/wp-json\/wp\/v2\/categories?post=14587"},{"taxonomy":"post_tag","embeddable":true,"href":"https:\/\/ufpr.br\/propg\/wp-json\/wp\/v2\/tags?post=14587"}],"curies":[{"name":"wp","href":"https:\/\/api.w.org\/{rel}","templated":true}]}}