{"id":14586,"date":"2019-07-04T09:48:19","date_gmt":"2019-07-04T12:48:19","guid":{"rendered":"https:\/\/ufpr.br\/comunicado-prazo-para-execucao-orcamentaria-30-08-2019"},"modified":"2025-12-01T15:08:40","modified_gmt":"2025-12-01T18:08:40","slug":"comunicado-prazo-para-execucao-orcamentaria-30-08-2019","status":"publish","type":"post","link":"https:\/\/ufpr.br\/propg\/comunicado-prazo-para-execucao-orcamentaria-30-08-2019\/","title":{"rendered":"[COMUNICADO] Prazo para Execu\u00e7\u00e3o Or\u00e7ament\u00e1ria: 30\/08\/2019"},"content":{"rendered":"\n<p><strong>Comunicado da Se\u00e7\u00e3o de Execu\u00e7\u00e3o Or\u00e7ament\u00e1ria da PRPPG<\/strong><\/p>\n\n\n\n<p>O prazo m\u00e1ximo para envio das solicita\u00e7\u00f5es de compras (material de consumo, servi\u00e7os de terceiros, taxas de inscri\u00e7\u00f5es, anuidades e outros) \u00e9 at\u00e9 o <strong>dia 30\/08\/2019<\/strong> (PROAP, FUNDA\u00c7\u00c3O ARAUC\u00c1RIA, OUTROS). Solicita\u00e7\u00e3o de transfer\u00eancia de recursos para outras unidades da UFPR (imprensa universit\u00e1ria, biblioteca, editora e outros) e pedidos de aloca\u00e7\u00f5es de recursos tamb\u00e9m ser\u00e1 dia 30\/08\/2019 .<\/p>\n\n\n\n<p><strong>PROAP<\/strong>: Para solicita\u00e7\u00f5es de passagens, di\u00e1rias e pagamentos de aux\u00edlios financeiros (estudantes e pesquisadores) o prazo final para envio dos processos ser\u00e1 informado posteriormente, pois este depende de cronograma a ser divulgado pelo DCF | UFPR.<\/p>\n\n\n\n<p><strong>FUNDA\u00c7\u00c3O ARAUC\u00c1RIA<\/strong>: No caso de solicita\u00e7\u00f5es de di\u00e1rias e passagens com recursos da Funda\u00e7\u00e3o Arauc\u00e1ria seguir\u00e1 as mesmas datas a serem informadas, por\u00e9m as solicita\u00e7\u00f5es de aloca\u00e7\u00f5es nesta rubrica dever\u00e3o ser enviadas at\u00e9 o dia 30\/08\/2019.<\/p>\n\n\n\n<p>Os processos recebidos ap\u00f3s 30\/08\/2019 ser\u00e3o devolvidos aos solicitantes.<\/p>\n\n\n\n<p>Mais informa\u00e7\u00f5es: <a href=\"https:\/\/ufpr.br\/propg\/uceo\/\" target=\"_blank\" rel=\"noreferrer noopener\">UOF\/PRPPG<\/a> <span style=\"background-color: #ffff99;\">(41) 3360-<strong>5361 e 5308<\/strong><\/span>\u00a0ou atrav\u00e9s do e-mail\u00a0\u00a0<span dir=\"auto\" style=\"background-color: #ffff99;\"><a style=\"background-color: #ffff99;\" href=\"mailto:gmyas@ufpr.br\" target=\"_blank\" rel=\"noopener\">gmyas@ufpr.br<\/a><\/span><\/p>\n\n\n\n<p><\/p>\n","protected":false},"excerpt":{"rendered":"<p>Comunicado da Se\u00e7\u00e3o de Execu\u00e7\u00e3o Or\u00e7ament\u00e1ria da PRPPG O prazo m\u00e1ximo para envio das solicita\u00e7\u00f5es de compras (material de consumo, servi\u00e7os de terceiros, taxas de inscri\u00e7\u00f5es, anuidades e outros) \u00e9 at\u00e9 o dia 30\/08\/2019 (PROAP, FUNDA\u00c7\u00c3O ARAUC\u00c1RIA, OUTROS). Solicita\u00e7\u00e3o de transfer\u00eancia de recursos para outras unidades da UFPR (imprensa universit\u00e1ria, biblioteca, editora e outros) e [&hellip;]<\/p>\n","protected":false},"author":16,"featured_media":0,"comment_status":"open","ping_status":"open","sticky":false,"template":"","format":"standard","meta":{"footnotes":""},"categories":[386],"tags":[],"class_list":["post-14586","post","type-post","status-publish","format-standard","hentry","category-mestrado-e-doutorado"],"_links":{"self":[{"href":"https:\/\/ufpr.br\/propg\/wp-json\/wp\/v2\/posts\/14586","targetHints":{"allow":["GET"]}}],"collection":[{"href":"https:\/\/ufpr.br\/propg\/wp-json\/wp\/v2\/posts"}],"about":[{"href":"https:\/\/ufpr.br\/propg\/wp-json\/wp\/v2\/types\/post"}],"author":[{"embeddable":true,"href":"https:\/\/ufpr.br\/propg\/wp-json\/wp\/v2\/users\/16"}],"replies":[{"embeddable":true,"href":"https:\/\/ufpr.br\/propg\/wp-json\/wp\/v2\/comments?post=14586"}],"version-history":[{"count":4,"href":"https:\/\/ufpr.br\/propg\/wp-json\/wp\/v2\/posts\/14586\/revisions"}],"predecessor-version":[{"id":18624,"href":"https:\/\/ufpr.br\/propg\/wp-json\/wp\/v2\/posts\/14586\/revisions\/18624"}],"wp:attachment":[{"href":"https:\/\/ufpr.br\/propg\/wp-json\/wp\/v2\/media?parent=14586"}],"wp:term":[{"taxonomy":"category","embeddable":true,"href":"https:\/\/ufpr.br\/propg\/wp-json\/wp\/v2\/categories?post=14586"},{"taxonomy":"post_tag","embeddable":true,"href":"https:\/\/ufpr.br\/propg\/wp-json\/wp\/v2\/tags?post=14586"}],"curies":[{"name":"wp","href":"https:\/\/api.w.org\/{rel}","templated":true}]}}